{"id":73057,"date":"2024-10-02T21:40:59","date_gmt":"2024-10-03T03:40:59","guid":{"rendered":"https:\/\/zonaroja.com.mx\/?p=73057"},"modified":"2024-10-02T21:41:01","modified_gmt":"2024-10-03T03:41:01","slug":"inicia-proceso-de-entrega-recepcion-en-el-municipio-de-oaxaca-de-juarez","status":"publish","type":"post","link":"https:\/\/zonaroja.com.mx\/?p=73057","title":{"rendered":"Inicia proceso de entrega-recepci\u00f3n en el municipio de Oaxaca de Ju\u00e1rez"},"content":{"rendered":"\n<p>Redacci\u00f3n\/Zona Roja.<\/p>\n\n\n\n<p>Oaxaca de Ju\u00e1rez, Oax., a 2 de octubre del 2024.- En sesi\u00f3n extraordinaria de Cabildo, este mi\u00e9rcoles las y los integrantes del ayuntamiento de Oaxaca de Ju\u00e1rez aprobaron el acuerdo para integrar una comisi\u00f3n interna de entrega-recepci\u00f3n.&nbsp;<\/p>\n\n\n\n<p>Este proceso busca, por un lado, dar cumplimiento a la normatividad en la materia y por otro, garantizar una transici\u00f3n ordenada y transparente en beneficio de la ciudadan\u00eda.<\/p>\n\n\n\n<p>El punto de acuerdo aprobado, fue propuesto en conjunto por el presidente municipal Francisco Mart\u00ednez Neri y la S\u00edndica Primera Municipal, Nancy Belem Mota Figueroa y durante la sesi\u00f3n fueron le\u00eddos los nombres de las personas que integrar\u00e1n dicho comit\u00e9 conformado por los titulares de las sindicaturas, regidur\u00edas, dependencias, organismos auxiliares, organismos p\u00fablicos descentralizados y el \u00f3rgano de control municipal.<\/p>\n\n\n\n<p>La entrega-recepci\u00f3n es un mecanismo clave para garantizar la rendici\u00f3n de cuentas y la transparencia en la administraci\u00f3n p\u00fablica, asegurando que los proyectos y servicios municipales no se detengan durante la transmisi\u00f3n del gobierno en beneficio de la sociedad oaxaque\u00f1a.<\/p>\n\n\n\n<p>A la sesi\u00f3n extraordinaria de Cabildo, asisti\u00f3 el presidente municipal electo y su equipo de trabajo, mismo que formar\u00e1 parte de este comit\u00e9 interno.&nbsp;<\/p>\n\n\n\n<p>As\u00ed pues con este acto se da inicio a un proceso de entrega-recepci\u00f3n que se avisora terso y en colaboraci\u00f3n, as\u00ed lo ha manifestado Mart\u00ednez Neri al ser entrevistado al final de la sesi\u00f3n.&nbsp;<\/p>\n\n\n\n<p>\u201cHemos platicado con los funcionarios de la presente administraci\u00f3n para que se realice un proceso de entrega muy eficiente; nos hemos preparado con la suficiente anticipaci\u00f3n de manera muy responsable, siempre pensando en que la administraci\u00f3n municipal no se detenga a pesar de la transici\u00f3n de gobierno\u201d expres\u00f3 el presidente municipal en funciones.&nbsp;<\/p>\n\n\n\n<p>Mart\u00ednez Neri abund\u00f3 en el sentido de que el trabajo de su gobierno no se detiene, de tal suerte que seguir\u00e1n las labores de bacheo, la finalizaci\u00f3n de obra p\u00fablica y la prestaci\u00f3n de servicios municipales.&nbsp;<\/p>\n\n\n\n<p>Durante la sesi\u00f3n extraordinaria se vivi\u00f3 un momento de civilidad y cortes\u00eda pol\u00edtica, al decretarse un breve receso para que el edil en funciones Francisco Mart\u00ednez Neri saludara al primer concejal electo Raymundo Chagoya Villanueva.<\/p>\n\n\n\n<figure class=\"wp-block-embed is-type-rich is-provider-twitter wp-block-embed-twitter\"><div class=\"wp-block-embed__wrapper\">\n<div class=\"twitter-tweet\"><blockquote class=\"twitter-tweet\" data-lang=\"es\"><p lang=\"es\" dir=\"ltr\">\u201cTransici\u00f3n tersa, como ustedes pueden ver, me parece que es lo m\u00e1s importante de ciudadanos bien nacidos\u201d, declar\u00f3 el presidente municipal de Oaxaca de Ju\u00e1rez, <a href=\"https:\/\/twitter.com\/FMartinezNeri?ref_src=twsrc%5Etfw\">@FMartinezNeri<\/a>, tras la sesi\u00f3n de Cabildo en que se aval\u00f3 iniciar el proceso de entrega-recepci\u00f3n con el gobierno que\u2026 <a href=\"https:\/\/t.co\/k1GZaHnJOh\">pic.twitter.com\/k1GZaHnJOh<\/a><\/p>&mdash; Zona Roja Oaxaca (@ZonaRoja_Oaxaca) <a href=\"https:\/\/twitter.com\/ZonaRoja_Oaxaca\/status\/1841572445771465075?ref_src=twsrc%5Etfw\">2 de octubre de 2024<\/a><\/blockquote><\/div>\n<\/div><\/figure>\n","protected":false},"excerpt":{"rendered":"<p>Redacci\u00f3n\/Zona Roja. Oaxaca de Ju\u00e1rez, Oax., a 2 de octubre del 2024.- En sesi\u00f3n extraordinaria&hellip;<\/p>\n","protected":false},"author":2,"featured_media":73058,"comment_status":"closed","ping_status":"open","sticky":false,"template":"","format":"standard","meta":{"_lmt_disableupdate":"","_lmt_disable":"","_jetpack_memberships_contains_paid_content":false,"footnotes":""},"categories":[109,46],"tags":[148],"class_list":["post-73057","post","type-post","status-publish","format-standard","has-post-thumbnail","hentry","category-minuto-a-minuto","category-zona-blanca","tag-oaxaca-de-juarez"],"jetpack_featured_media_url":"https:\/\/zonaroja.com.mx\/wp-content\/uploads\/2024\/10\/Francisco-Martinez-Neri-y-Raymundo-Chagoya.jpeg","jetpack_sharing_enabled":true,"_links":{"self":[{"href":"https:\/\/zonaroja.com.mx\/index.php?rest_route=\/wp\/v2\/posts\/73057","targetHints":{"allow":["GET"]}}],"collection":[{"href":"https:\/\/zonaroja.com.mx\/index.php?rest_route=\/wp\/v2\/posts"}],"about":[{"href":"https:\/\/zonaroja.com.mx\/index.php?rest_route=\/wp\/v2\/types\/post"}],"author":[{"embeddable":true,"href":"https:\/\/zonaroja.com.mx\/index.php?rest_route=\/wp\/v2\/users\/2"}],"replies":[{"embeddable":true,"href":"https:\/\/zonaroja.com.mx\/index.php?rest_route=%2Fwp%2Fv2%2Fcomments&post=73057"}],"version-history":[{"count":1,"href":"https:\/\/zonaroja.com.mx\/index.php?rest_route=\/wp\/v2\/posts\/73057\/revisions"}],"predecessor-version":[{"id":73059,"href":"https:\/\/zonaroja.com.mx\/index.php?rest_route=\/wp\/v2\/posts\/73057\/revisions\/73059"}],"wp:featuredmedia":[{"embeddable":true,"href":"https:\/\/zonaroja.com.mx\/index.php?rest_route=\/wp\/v2\/media\/73058"}],"wp:attachment":[{"href":"https:\/\/zonaroja.com.mx\/index.php?rest_route=%2Fwp%2Fv2%2Fmedia&parent=73057"}],"wp:term":[{"taxonomy":"category","embeddable":true,"href":"https:\/\/zonaroja.com.mx\/index.php?rest_route=%2Fwp%2Fv2%2Fcategories&post=73057"},{"taxonomy":"post_tag","embeddable":true,"href":"https:\/\/zonaroja.com.mx\/index.php?rest_route=%2Fwp%2Fv2%2Ftags&post=73057"}],"curies":[{"name":"wp","href":"https:\/\/api.w.org\/{rel}","templated":true}]}}