{"id":73060,"date":"2024-10-02T22:20:15","date_gmt":"2024-10-03T04:20:15","guid":{"rendered":"https:\/\/zonaroja.com.mx\/?p=73060"},"modified":"2024-10-02T22:20:17","modified_gmt":"2024-10-03T04:20:17","slug":"anuncian-el-festival-del-mole-de-caderas-y-guelaguetza-nuu-savi","status":"publish","type":"post","link":"https:\/\/zonaroja.com.mx\/?p=73060","title":{"rendered":"Anuncian el Festival del Mole de Caderas y Guelaguetza \u00d1uu Savi"},"content":{"rendered":"\n<p>Redacci\u00f3n\/Zona Roja.<\/p>\n\n\n\n<p>Oaxaca de Ju\u00e1rez, Oax., a 2 de octubre de 2024.- La Secretar\u00eda de Turismo (Sectur) Oaxaca asegura que todo est\u00e1 listo para celebrar el Festival del Mole de Caderas y la Guelaguetza \u00d1uu Savi, con el objetivo de rendir un homenaje a la rica cultura mixteca y diversificar la oferta tur\u00edstica de la entidad.&nbsp;<\/p>\n\n\n\n<p>En conferencia de prensa en Huajuapan de Le\u00f3n, la titular de la dependencia, Saymi Pineda Velasco, dio a conocer que, del 12 de octubre al 20 de noviembre, estar\u00e1 disponible la temporada del emblem\u00e1tico platillo elaborado con los huesos del chivo blanco pastore\u00f1o, en restaurantes de Huajuapan y de la ciudad de Oaxaca.&nbsp;<\/p>\n\n\n\n<p>Detall\u00f3 que el 25 de octubre se inaugurar\u00e1 el Festival del Mole de Caderas en la capital del estado, en la Plaza de la Danza a las 13:30 horas, y estar\u00e1 instalado hasta el d\u00eda 27.&nbsp;<\/p>\n\n\n\n<p>Mientras que en el Teatro del Pueblo en Huajuapan de Le\u00f3n se llevar\u00e1 a cabo el d\u00eda 26 de octubre a la misma hora \u2013en donde estar\u00e1 disponible \u00fanicamente dicho d\u00eda- para despu\u00e9s celebrar un Convite Mixteco que dar\u00e1 paso a la Guelaguetza \u00d1uu Savi.<\/p>\n\n\n\n<p>En esta Guelaguetza que iniciar\u00e1 a las 17:00 horas, participar\u00e1n diez delegaciones como lo son Huajuapan de Le\u00f3n, Tlaxiaco, Santiago Juxtlahuaca, Chalcatongo de Hidalgo, Teotongo, San Juan Bautista Juxtlahuaca, Santo Tom\u00e1s Ocotepec, Tamazulapam del Progreso, Asunci\u00f3n Nochixtl\u00e1n y la delegaci\u00f3n invitada de San Pablo Macuiltianguis.<\/p>\n\n\n\n<p>De esta manera, Pineda Velasco anunci\u00f3 que en octubre se enaltece la cultura Mixteca con eventos como el Encuentro Cultural de Bandas de Viento el 24 de octubre a las 15:00 horas en el Pueblo M\u00e1gico de San Pedro y San Pablo Teposcolula.<\/p>\n\n\n\n<p>El 26 de octubre en Santo Domingo Tlachitongo a las 16:00 horas habr\u00e1 funci\u00f3n de lucha libre, mientras que el 27 de octubre a partir de las 8:00 horas se celebrar\u00e1 el Festival de la Barbacoa y la Cerveza Artesanal en Villa de Tej\u00fapam de la Uni\u00f3n, as\u00ed como el programa de Expresiones Culturales del 25 al 27 de octubre en la Plaza de la Danza en la Ciudad de Oaxaca, de 12:00 a 18:00 horas.<\/p>\n","protected":false},"excerpt":{"rendered":"<p>Redacci\u00f3n\/Zona Roja. Oaxaca de Ju\u00e1rez, Oax., a 2 de octubre de 2024.- La Secretar\u00eda de&hellip;<\/p>\n","protected":false},"author":2,"featured_media":73061,"comment_status":"closed","ping_status":"open","sticky":false,"template":"","format":"standard","meta":{"_lmt_disableupdate":"","_lmt_disable":"","_jetpack_memberships_contains_paid_content":false,"footnotes":""},"categories":[109,46],"tags":[1031],"class_list":["post-73060","post","type-post","status-publish","format-standard","has-post-thumbnail","hentry","category-minuto-a-minuto","category-zona-blanca","tag-secretaria-de-turismo-oaxaca"],"jetpack_featured_media_url":"https:\/\/zonaroja.com.mx\/wp-content\/uploads\/2024\/10\/Turismo-festival-del-mole-de-caderas.jpg","jetpack_sharing_enabled":true,"_links":{"self":[{"href":"https:\/\/zonaroja.com.mx\/index.php?rest_route=\/wp\/v2\/posts\/73060","targetHints":{"allow":["GET"]}}],"collection":[{"href":"https:\/\/zonaroja.com.mx\/index.php?rest_route=\/wp\/v2\/posts"}],"about":[{"href":"https:\/\/zonaroja.com.mx\/index.php?rest_route=\/wp\/v2\/types\/post"}],"author":[{"embeddable":true,"href":"https:\/\/zonaroja.com.mx\/index.php?rest_route=\/wp\/v2\/users\/2"}],"replies":[{"embeddable":true,"href":"https:\/\/zonaroja.com.mx\/index.php?rest_route=%2Fwp%2Fv2%2Fcomments&post=73060"}],"version-history":[{"count":1,"href":"https:\/\/zonaroja.com.mx\/index.php?rest_route=\/wp\/v2\/posts\/73060\/revisions"}],"predecessor-version":[{"id":73062,"href":"https:\/\/zonaroja.com.mx\/index.php?rest_route=\/wp\/v2\/posts\/73060\/revisions\/73062"}],"wp:featuredmedia":[{"embeddable":true,"href":"https:\/\/zonaroja.com.mx\/index.php?rest_route=\/wp\/v2\/media\/73061"}],"wp:attachment":[{"href":"https:\/\/zonaroja.com.mx\/index.php?rest_route=%2Fwp%2Fv2%2Fmedia&parent=73060"}],"wp:term":[{"taxonomy":"category","embeddable":true,"href":"https:\/\/zonaroja.com.mx\/index.php?rest_route=%2Fwp%2Fv2%2Fcategories&post=73060"},{"taxonomy":"post_tag","embeddable":true,"href":"https:\/\/zonaroja.com.mx\/index.php?rest_route=%2Fwp%2Fv2%2Ftags&post=73060"}],"curies":[{"name":"wp","href":"https:\/\/api.w.org\/{rel}","templated":true}]}}