{"id":73068,"date":"2024-10-03T08:20:00","date_gmt":"2024-10-03T14:20:00","guid":{"rendered":"https:\/\/zonaroja.com.mx\/?p=73068"},"modified":"2024-10-03T07:28:03","modified_gmt":"2024-10-03T13:28:03","slug":"hallan-a-elemento-de-la-policia-estatal-asesinado-en-el-istmo","status":"publish","type":"post","link":"https:\/\/zonaroja.com.mx\/?p=73068","title":{"rendered":"Hallan a elemento de la Polic\u00eda Estatal asesinado en el Istmo"},"content":{"rendered":"\n<p>Raymundo Morales\/Zona Roja.<\/p>\n\n\n\n<p>Oaxaca de Ju\u00e1rez, Oax., a 3 de octubre de 2024.- Con visibles huellas de tortura y sin vida fue localizado ayer el cuerpo de un elemento de la Polic\u00eda Estatal de Oaxaca, secuestrado en la regi\u00f3n del Istmo de Tehuantepec.<\/p>\n\n\n\n<p>Fue en un predio ubicado a las orillas del municipio de San Francisco Ixhuat\u00e1n en que localizaron al elemento, identificado como Vidal P., quien d\u00edas antes fue privado de la libertad presuntamente por un grupo armado.<\/p>\n\n\n\n<p>Seg\u00fan los primeros reportes informativos, el uniformado, dependiente de la Secretar\u00eda de Seguridad y Protecci\u00f3n Ciudadana de Oaxaca, caminaba junto con su hija cuando fue plagiado.<\/p>\n\n\n\n<p>Ayer mi\u00e9rcoles, pobladores de Ixhuat\u00e1n caminaban por la zona cuando hallaron el cuerpo sin vida, al parecer con impactos de arma de fuego, por lo cual dieron aviso a las autoridades.<\/p>\n\n\n\n<p>Personal de la Vicefiscal\u00eda Regional del Istmo, dependiente de la Fiscal\u00eda General del Estado de Oaxaca, inici\u00f3 la carpeta de investigaci\u00f3n correspondiente, para dar con los responsables del crimen.<\/p>\n\n\n\n<p>Apenas el pasado 15 de septiembre, sujetos armados buscaban a un polic\u00eda estatal en su domicilio, en la colonia 25 de Mayo de Juchit\u00e1n de Zaragoza y, al no hallarlo, dispararon en contra de la vivienda, lo que dej\u00f3 como saldo dos vecinos lesionados y trasladados a un hospital.<\/p>\n","protected":false},"excerpt":{"rendered":"<p>Raymundo Morales\/Zona Roja. Oaxaca de Ju\u00e1rez, Oax., a 3 de octubre de 2024.- Con visibles&hellip;<\/p>\n","protected":false},"author":2,"featured_media":69311,"comment_status":"closed","ping_status":"open","sticky":false,"template":"","format":"standard","meta":{"_lmt_disableupdate":"","_lmt_disable":"","_jetpack_memberships_contains_paid_content":false,"footnotes":""},"categories":[109,51],"tags":[686],"class_list":["post-73068","post","type-post","status-publish","format-standard","has-post-thumbnail","hentry","category-minuto-a-minuto","category-zona-roja","tag-san-francisco-ixhuatan"],"jetpack_featured_media_url":"https:\/\/zonaroja.com.mx\/wp-content\/uploads\/2024\/06\/Escena-asesinato-crimen-violencia.jpeg","jetpack_sharing_enabled":true,"_links":{"self":[{"href":"https:\/\/zonaroja.com.mx\/index.php?rest_route=\/wp\/v2\/posts\/73068","targetHints":{"allow":["GET"]}}],"collection":[{"href":"https:\/\/zonaroja.com.mx\/index.php?rest_route=\/wp\/v2\/posts"}],"about":[{"href":"https:\/\/zonaroja.com.mx\/index.php?rest_route=\/wp\/v2\/types\/post"}],"author":[{"embeddable":true,"href":"https:\/\/zonaroja.com.mx\/index.php?rest_route=\/wp\/v2\/users\/2"}],"replies":[{"embeddable":true,"href":"https:\/\/zonaroja.com.mx\/index.php?rest_route=%2Fwp%2Fv2%2Fcomments&post=73068"}],"version-history":[{"count":1,"href":"https:\/\/zonaroja.com.mx\/index.php?rest_route=\/wp\/v2\/posts\/73068\/revisions"}],"predecessor-version":[{"id":73069,"href":"https:\/\/zonaroja.com.mx\/index.php?rest_route=\/wp\/v2\/posts\/73068\/revisions\/73069"}],"wp:featuredmedia":[{"embeddable":true,"href":"https:\/\/zonaroja.com.mx\/index.php?rest_route=\/wp\/v2\/media\/69311"}],"wp:attachment":[{"href":"https:\/\/zonaroja.com.mx\/index.php?rest_route=%2Fwp%2Fv2%2Fmedia&parent=73068"}],"wp:term":[{"taxonomy":"category","embeddable":true,"href":"https:\/\/zonaroja.com.mx\/index.php?rest_route=%2Fwp%2Fv2%2Fcategories&post=73068"},{"taxonomy":"post_tag","embeddable":true,"href":"https:\/\/zonaroja.com.mx\/index.php?rest_route=%2Fwp%2Fv2%2Ftags&post=73068"}],"curies":[{"name":"wp","href":"https:\/\/api.w.org\/{rel}","templated":true}]}}