{"id":7307,"date":"2020-01-04T19:09:51","date_gmt":"2020-01-05T01:09:51","guid":{"rendered":"http:\/\/www.zonaroja.com.mx\/?p=7307"},"modified":"2020-01-04T19:09:54","modified_gmt":"2020-01-05T01:09:54","slug":"ahora-donald-trump-amenaza-con-golpear-duramente-a-52-sitios-iranies","status":"publish","type":"post","link":"https:\/\/zonaroja.com.mx\/?p=7307","title":{"rendered":"Ahora Donald Trump amenaza con \u00abgolpear duramente\u00bb a 52 sitios iran\u00edes"},"content":{"rendered":"\n<p>Redacci\u00f3n\/Zona\nRoja Cdmx.<\/p>\n\n\n\n<p>Ciudad\nde M\u00e9xico, 4 de enero de 2020.- El presidente Donald Trump advirti\u00f3 hoy en una\nsecuencia de tres mensajes v\u00eda Twitter que si Ir\u00e1n ataca a \u00abcualquier\nactivo estadunidense\u00bb, Estados Unidos tiene ubicados 52 sitios iran\u00edes y\n\u00e9stos \u201cser\u00e1n golpeados muy r\u00e1pido y muy duro\u201d.<\/p>\n\n\n\n<p>\u201cIr\u00e1n\nest\u00e1 hablando audazmente sobre atacar ciertos activos de Estados Unidos como\nvenganza por librar al mundo de su l\u00edder terrorista que acababa de matar a un\nestadounidense e hiri\u00f3 gravemente a muchos otros, sin mencionar a todas las\npersonas que ha asesinado durante su vida\u201d, dice el texto.<\/p>\n\n\n\n<p>En\nsu mensaje agreg\u00f3 que \u201crecientemente cientos de manifestantes iran\u00edes estaban\natacando nuestra embajada y prepar\u00e1ndose para ataques adicionales en otros\nlugares. Ir\u00e1n no ha sido m\u00e1s que problemas durante muchos a\u00f1os\u201d.<\/p>\n\n\n\n<p>Tras\nlas reacciones por la muerte del general iran\u00ed Qasem Soleiman, Trump agrega\npara finalizar: <\/p>\n\n\n\n<p>\u201cQue\nesto sirva como ADVERTENCIA de que si Ir\u00e1n ataca a cualquier estadunidense o\nactivo estadunidense, nos hemos dirigido a 52 sitios iran\u00edes (que representan a\nlos 52 rehenes estadounidenses tomados por Ir\u00e1n hace a\u00f1os), algunos de muy alto\nnivel e importantes para Ir\u00e1n y la cultura iran\u00ed. Y esos objetivos, y el propio\nIr\u00e1n, SER\u00c1N GOLPEADOS MUY R\u00c1PIDO Y MUY DURO. \u00a1Estados Unidos no quiere m\u00e1s\namenazas!<\/p>\n\n\n\n<p>(Con\ninformaci\u00f3n de \u201cLa Jornada\u201d)<\/p>\n","protected":false},"excerpt":{"rendered":"<p>Redacci\u00f3n\/Zona Roja Cdmx. Ciudad de M\u00e9xico, 4 de enero de 2020.- El presidente Donald Trump&hellip;<\/p>\n","protected":false},"author":2,"featured_media":7308,"comment_status":"closed","ping_status":"open","sticky":false,"template":"","format":"standard","meta":{"_lmt_disableupdate":"","_lmt_disable":"","_jetpack_memberships_contains_paid_content":false,"footnotes":""},"categories":[109,47],"tags":[1060,1234,1235],"class_list":["post-7307","post","type-post","status-publish","format-standard","has-post-thumbnail","hentry","category-minuto-a-minuto","category-zona-gris","tag-donald-trump","tag-iran","tag-qasem-soleiman"],"jetpack_featured_media_url":"https:\/\/zonaroja.com.mx\/wp-content\/uploads\/2020\/01\/Trump.jpg","jetpack_sharing_enabled":true,"_links":{"self":[{"href":"https:\/\/zonaroja.com.mx\/index.php?rest_route=\/wp\/v2\/posts\/7307","targetHints":{"allow":["GET"]}}],"collection":[{"href":"https:\/\/zonaroja.com.mx\/index.php?rest_route=\/wp\/v2\/posts"}],"about":[{"href":"https:\/\/zonaroja.com.mx\/index.php?rest_route=\/wp\/v2\/types\/post"}],"author":[{"embeddable":true,"href":"https:\/\/zonaroja.com.mx\/index.php?rest_route=\/wp\/v2\/users\/2"}],"replies":[{"embeddable":true,"href":"https:\/\/zonaroja.com.mx\/index.php?rest_route=%2Fwp%2Fv2%2Fcomments&post=7307"}],"version-history":[{"count":1,"href":"https:\/\/zonaroja.com.mx\/index.php?rest_route=\/wp\/v2\/posts\/7307\/revisions"}],"predecessor-version":[{"id":7309,"href":"https:\/\/zonaroja.com.mx\/index.php?rest_route=\/wp\/v2\/posts\/7307\/revisions\/7309"}],"wp:featuredmedia":[{"embeddable":true,"href":"https:\/\/zonaroja.com.mx\/index.php?rest_route=\/wp\/v2\/media\/7308"}],"wp:attachment":[{"href":"https:\/\/zonaroja.com.mx\/index.php?rest_route=%2Fwp%2Fv2%2Fmedia&parent=7307"}],"wp:term":[{"taxonomy":"category","embeddable":true,"href":"https:\/\/zonaroja.com.mx\/index.php?rest_route=%2Fwp%2Fv2%2Fcategories&post=7307"},{"taxonomy":"post_tag","embeddable":true,"href":"https:\/\/zonaroja.com.mx\/index.php?rest_route=%2Fwp%2Fv2%2Ftags&post=7307"}],"curies":[{"name":"wp","href":"https:\/\/api.w.org\/{rel}","templated":true}]}}