{"id":73070,"date":"2024-10-03T09:28:00","date_gmt":"2024-10-03T15:28:00","guid":{"rendered":"https:\/\/zonaroja.com.mx\/?p=73070"},"modified":"2024-10-03T07:38:32","modified_gmt":"2024-10-03T13:38:32","slug":"felicita-candidata-de-eu-kamala-harris-a-claudia-sheinbaum","status":"publish","type":"post","link":"https:\/\/zonaroja.com.mx\/?p=73070","title":{"rendered":"Felicita candidata de EU, Kamala Harris, a Claudia Sheinbaum\u00a0"},"content":{"rendered":"\n<p>Redacci\u00f3n\/Zona Roja Cdmx.<\/p>\n\n\n\n<p>Ciudad de M\u00e9xico, a 3 de octubre de 2024.- La vicepresidenta estadounidense y candidata dem\u00f3crata a las elecciones del 5 de noviembre, Kamala Harris, felicit\u00f3 este mi\u00e9rcoles a la nueva mandataria mexicana, Claudia Sheinbaum, y expres\u00f3 su voluntad de fortalecer la cooperaci\u00f3n bilateral.<\/p>\n\n\n\n<p>\u201cFelicidades a la presidenta Sheinbaum de M\u00e9xico por su hist\u00f3rica investidura. Estoy deseando fortalecer la cooperaci\u00f3n en materia de seguridad y prosperidad, desde abordar la migraci\u00f3n irregular hasta fortalecer nuestros v\u00ednculos econ\u00f3micos y de energ\u00eda limpia\u201c, dijo en un mensaje en X.<\/p>\n\n\n\n<p>Sheinbaum fue investida este martes como la primera mujer presidenta de M\u00e9xico.<\/p>\n\n\n\n<p>Estados Unidos estuvo representado en esa ceremonia por la primera dama, Jill Biden, que encabez\u00f3 la delegaci\u00f3n del pa\u00eds y un d\u00eda antes de la misma dijo haber percibido nada m\u00e1s aterrizar el \u201centusiasmo\u201d existente por la llegada de una mujer al poder por primera vez en M\u00e9xico.<\/p>\n\n\n\n<p>El mandatario estadounidense, Joe Biden, felicit\u00f3 a su vez a distancia a Sheinbaum y le manifest\u00f3 su deseo de trabajar con el pa\u00eds vecino para un futuro \u201cdemocr\u00e1tico, pr\u00f3spero y seguro\u201d para los pueblos de las dos naciones.<\/p>\n\n\n\n<p>(Con informaci\u00f3n de EFE, en L\u00f3pez-D\u00f3riga Digital)<\/p>\n","protected":false},"excerpt":{"rendered":"<p>Redacci\u00f3n\/Zona Roja Cdmx. Ciudad de M\u00e9xico, a 3 de octubre de 2024.- La vicepresidenta estadounidense&hellip;<\/p>\n","protected":false},"author":2,"featured_media":73071,"comment_status":"closed","ping_status":"open","sticky":false,"template":"","format":"standard","meta":{"_lmt_disableupdate":"","_lmt_disable":"","_jetpack_memberships_contains_paid_content":false,"footnotes":""},"categories":[109,46],"tags":[3370],"class_list":["post-73070","post","type-post","status-publish","format-standard","has-post-thumbnail","hentry","category-minuto-a-minuto","category-zona-blanca","tag-claudia-sheinbaum"],"jetpack_featured_media_url":"https:\/\/zonaroja.com.mx\/wp-content\/uploads\/2024\/10\/Claudia-Sheinbaum-y-Kamala-Harris.jpg","jetpack_sharing_enabled":true,"_links":{"self":[{"href":"https:\/\/zonaroja.com.mx\/index.php?rest_route=\/wp\/v2\/posts\/73070","targetHints":{"allow":["GET"]}}],"collection":[{"href":"https:\/\/zonaroja.com.mx\/index.php?rest_route=\/wp\/v2\/posts"}],"about":[{"href":"https:\/\/zonaroja.com.mx\/index.php?rest_route=\/wp\/v2\/types\/post"}],"author":[{"embeddable":true,"href":"https:\/\/zonaroja.com.mx\/index.php?rest_route=\/wp\/v2\/users\/2"}],"replies":[{"embeddable":true,"href":"https:\/\/zonaroja.com.mx\/index.php?rest_route=%2Fwp%2Fv2%2Fcomments&post=73070"}],"version-history":[{"count":1,"href":"https:\/\/zonaroja.com.mx\/index.php?rest_route=\/wp\/v2\/posts\/73070\/revisions"}],"predecessor-version":[{"id":73072,"href":"https:\/\/zonaroja.com.mx\/index.php?rest_route=\/wp\/v2\/posts\/73070\/revisions\/73072"}],"wp:featuredmedia":[{"embeddable":true,"href":"https:\/\/zonaroja.com.mx\/index.php?rest_route=\/wp\/v2\/media\/73071"}],"wp:attachment":[{"href":"https:\/\/zonaroja.com.mx\/index.php?rest_route=%2Fwp%2Fv2%2Fmedia&parent=73070"}],"wp:term":[{"taxonomy":"category","embeddable":true,"href":"https:\/\/zonaroja.com.mx\/index.php?rest_route=%2Fwp%2Fv2%2Fcategories&post=73070"},{"taxonomy":"post_tag","embeddable":true,"href":"https:\/\/zonaroja.com.mx\/index.php?rest_route=%2Fwp%2Fv2%2Ftags&post=73070"}],"curies":[{"name":"wp","href":"https:\/\/api.w.org\/{rel}","templated":true}]}}