{"id":73076,"date":"2024-10-03T08:35:16","date_gmt":"2024-10-03T14:35:16","guid":{"rendered":"https:\/\/zonaroja.com.mx\/?p=73076"},"modified":"2024-10-03T08:35:18","modified_gmt":"2024-10-03T14:35:18","slug":"matan-a-balazos-a-hermano-del-ex-gobernador-de-puebla","status":"publish","type":"post","link":"https:\/\/zonaroja.com.mx\/?p=73076","title":{"rendered":"Matan a balazos a hermano del ex gobernador de Puebla"},"content":{"rendered":"\n<p>Redacci\u00f3n\/Zona Roja Cdmx.<\/p>\n\n\n\n<p>Ciudad de M\u00e9xico, a 3 de octubre de 2024.- Este 2 de octubre asesinaron a Hugo Mar\u00edn Torres, director del Sistema de Agua Potable en Teziutl\u00e1n, y hermano del ex mandatario de Puebla, Mario Mar\u00edn conocido como el \u201cG\u00f3ber precioso\u201d, qui\u00e9n actualmente se encuentra en arresto domiciliario por su complicidad en el caso de tortura de la periodista Lydia Cacho.<\/p>\n\n\n\n<p>El exfuncionario iba acompa\u00f1ado de su hijo, Hugo Mar\u00edn, quien tambi\u00e9n perdi\u00f3 la vida y otra persona de nombre Jos\u00e9 Antonio Renter\u00eda, quienes se encontraban en un negocio de antojitos, propiedad del expresidente municipal de Zacapoaxtla, Ebodio Santos Alejo.<\/p>\n\n\n\n<p>Se sabe que al lugar lleg\u00f3 un grupo de criminales que directamente ultimaron a las v\u00edctimas, pues se encontraron en el lugar 40 casquillos de bala. Los homicidas se dieron a la fuga y se mantienen en calidad de desconocidos aunque ya iniciaron las pesquisas correspondientes.<\/p>\n\n\n\n<p>Hugo Mar\u00edn Torres ocup\u00f3 el cargo de director del Sistema Operador de Agua Potable de Teziutl\u00e1n. Sin embargo, en 2022, la Fiscal\u00eda General del Estado (FGE) lo vincul\u00f3 a proceso y le dict\u00f3 prisi\u00f3n preventiva por delitos relacionados con posesi\u00f3n de drogas y armas de uso exclusivo del Ej\u00e9rcito.<\/p>\n\n\n\n<p>EN CANC\u00daN<\/p>\n\n\n\n<p>Sujetos armados que se encontraban en una moto acu\u00e1tica asesinaron a un hombre que recorr\u00eda las instalaciones del hotel RIU Palace Las Am\u00e9ricas, ubicado en el kil\u00f3metro 8.5 del bulevar Kukulc\u00e1n de la zona hotelera en Canc\u00fan, Quintana Roo.<\/p>\n\n\n\n<p>De acuerdo con los informes policiacos, los hombres armados huyeron en el veh\u00edculo a trav\u00e9s del Mar del Caribe mexicano, luego de detonar sus armas hasta en cuatro ocasiones. Los sujetos vest\u00edan ropa negra y chalecos salvavidas de color naranja.<\/p>\n\n\n\n<p>Las autoridades policiacas informaron que la v\u00edctima era un presunto vendedor de droga que se encontraba realizando recorridos por el \u00e1rea de albercas.<\/p>\n\n\n\n<p>RIU Hoteles inform\u00f3 que colabor\u00f3 con las autoridades locales para esclarecer los hechos y confirmaron que la v\u00edctima no era un hu\u00e9sped del establecimiento.<\/p>\n\n\n\n<p>Pese a haber recibido ayuda m\u00e9dica por parte trabajadores del hotel, la v\u00edctima falleci\u00f3 antes de que llegaran las unidades m\u00e9dicas. El cuerpo fue recogido y trasladado por el Servicio M\u00e9dico Forense.<\/p>\n\n\n\n<p>(Informaci\u00f3n de \u201cEl Financiero\u201d)<\/p>\n","protected":false},"excerpt":{"rendered":"<p>Redacci\u00f3n\/Zona Roja Cdmx. Ciudad de M\u00e9xico, a 3 de octubre de 2024.- Este 2 de&hellip;<\/p>\n","protected":false},"author":2,"featured_media":73077,"comment_status":"closed","ping_status":"open","sticky":false,"template":"","format":"standard","meta":{"_lmt_disableupdate":"","_lmt_disable":"","_jetpack_memberships_contains_paid_content":false,"footnotes":""},"categories":[109,51],"tags":[1746],"class_list":["post-73076","post","type-post","status-publish","format-standard","has-post-thumbnail","hentry","category-minuto-a-minuto","category-zona-roja","tag-violencia-en-mexico"],"jetpack_featured_media_url":"https:\/\/zonaroja.com.mx\/wp-content\/uploads\/2024\/10\/Hugo-Marin-Torres-Puebla.webp","jetpack_sharing_enabled":true,"_links":{"self":[{"href":"https:\/\/zonaroja.com.mx\/index.php?rest_route=\/wp\/v2\/posts\/73076","targetHints":{"allow":["GET"]}}],"collection":[{"href":"https:\/\/zonaroja.com.mx\/index.php?rest_route=\/wp\/v2\/posts"}],"about":[{"href":"https:\/\/zonaroja.com.mx\/index.php?rest_route=\/wp\/v2\/types\/post"}],"author":[{"embeddable":true,"href":"https:\/\/zonaroja.com.mx\/index.php?rest_route=\/wp\/v2\/users\/2"}],"replies":[{"embeddable":true,"href":"https:\/\/zonaroja.com.mx\/index.php?rest_route=%2Fwp%2Fv2%2Fcomments&post=73076"}],"version-history":[{"count":1,"href":"https:\/\/zonaroja.com.mx\/index.php?rest_route=\/wp\/v2\/posts\/73076\/revisions"}],"predecessor-version":[{"id":73078,"href":"https:\/\/zonaroja.com.mx\/index.php?rest_route=\/wp\/v2\/posts\/73076\/revisions\/73078"}],"wp:featuredmedia":[{"embeddable":true,"href":"https:\/\/zonaroja.com.mx\/index.php?rest_route=\/wp\/v2\/media\/73077"}],"wp:attachment":[{"href":"https:\/\/zonaroja.com.mx\/index.php?rest_route=%2Fwp%2Fv2%2Fmedia&parent=73076"}],"wp:term":[{"taxonomy":"category","embeddable":true,"href":"https:\/\/zonaroja.com.mx\/index.php?rest_route=%2Fwp%2Fv2%2Fcategories&post=73076"},{"taxonomy":"post_tag","embeddable":true,"href":"https:\/\/zonaroja.com.mx\/index.php?rest_route=%2Fwp%2Fv2%2Ftags&post=73076"}],"curies":[{"name":"wp","href":"https:\/\/api.w.org\/{rel}","templated":true}]}}