{"id":73084,"date":"2024-10-03T18:30:34","date_gmt":"2024-10-04T00:30:34","guid":{"rendered":"https:\/\/zonaroja.com.mx\/?p=73084"},"modified":"2024-10-03T18:30:34","modified_gmt":"2024-10-04T00:30:34","slug":"aprueban-en-oaxaca-sancionar-a-duenos-de-animales-que-lesionen-o-maten-a-una-persona","status":"publish","type":"post","link":"https:\/\/zonaroja.com.mx\/?p=73084","title":{"rendered":"Aprueban en Oaxaca sancionar a due\u00f1os de animales que lesionen o maten a una persona&nbsp;"},"content":{"rendered":"\n<p>Redacci\u00f3n\/Zona Roja.&nbsp;<\/p>\n\n\n\n<p class=\"MsoNormal\">Oaxaca de Ju\u00e1rez, Oax. 3 de octubre de 2024.- Con 34 votos a favor, el pleno de la 65 Legislatura local aprob\u00f3 la reforma al C\u00f3digo Penal de Oaxaca, para sancionar a los due\u00f1os de animales que lesionen o maten a una persona.<\/p>\n\n\n\n<p class=\"MsoNormal\">Por lo cual, se estableci\u00f3 dentro del art\u00edculo 282 que, las lesiones que un animal cause a un individuo, ser\u00e1 responsable la persona que con esa intenci\u00f3n lo azuce, lo suelte o haga esto \u00faltimo por descuido, siendo sancionada con las mismas penas que establecen los art\u00edculos 272 al 277 del C\u00f3digo Penal de Oaxaca, seg\u00fan la lesi\u00f3n que se haya derivado.<\/p>\n\n\n\n<p class=\"MsoNormal\">Dichos art\u00edculos se\u00f1alan penas desde seis d\u00edas hasta 12 a\u00f1os de prisi\u00f3n, y multas econ\u00f3micas, de acuerdo con las consecuencias que provoquen las lesiones.<\/p>\n\n\n\n<p class=\"MsoNormal\">En tanto, el art\u00edculo 305 Bis refiere que, cuando el ataque de un animal resulte en el fallecimiento de la v\u00edctima, al responsable se le aplicar\u00e1n las penas que correspondan conforme al cap\u00edtulo de homicidio y de acuerdo con la clasificaci\u00f3n que para tal efecto hace el C\u00f3digo Penal en los cap\u00edtulos correspondientes trat\u00e1ndose de delito doloso o culposo seg\u00fan corresponda.<\/p>\n\n\n\n<p class=\"MsoNormal\">En ambos casos, las sanciones se incrementar\u00e1n hasta en un tercio si la v\u00edctima fuera una persona menor de edad, adulta mayor o persona con discapacidad.<\/p>\n\n\n\n<p class=\"MsoNormal\">Por otra parte, se se\u00f1ala en el art\u00edculo 419 Bis que se impondr\u00e1 una pena de seis meses a cinco a\u00f1os de prisi\u00f3n y multa econ\u00f3mica a quien azuce o suelte animales que causen lesiones o actos de sufrimiento en otros animales.<\/p>\n\n\n\n<p class=\"MsoNormal\">En la ley qued\u00f3 establecido que se entender\u00e1 por animales a los dom\u00e9sticos, que son especies criadas, reproducidas y que conviven con las personas pero que no pertenecen a la fauna salvaje; animales de compa\u00f1\u00eda; al animal feroz, por el que se entender\u00e1 al animal que no es ordinariamente domesticable o es peligroso para los seres humanos por su agresividad, costumbres, tama\u00f1o o fuerza.&nbsp;<\/p>\n\n\n\n<p class=\"MsoNormal\">Esta reforma surgi\u00f3 ante diversos ataques de perros hacia personas, entre ellos el caso contra un menor de edad de la regi\u00f3n del Istmo de Tehuantepec que perdi\u00f3 la vida, y en otros, las v\u00edctimas han perdido extremidades a causa de las lesiones generadas por animales.<\/p>\n\n\n\n<p class=\"MsoNormal\">\u201cUn ataque o una mordedura de perro puede ocasionar lesiones f\u00edsicas y traumas emocionales de larga duraci\u00f3n. Si la v\u00edctima no puede trabajar mientras se recupera de la lesi\u00f3n, quiz\u00e1 tambi\u00e9n deba enfrentar problemas econ\u00f3micos importantes. Sin embargo, en nuestra legislaci\u00f3n las lesiones ocasionadas por perros no est\u00e1n contempladas, por lo que es necesario generar los mecanismos legales que nos permitan sancionar el descuido por parte de las personas propietarias\u201d, expone el decreto.<\/p>\n\n\n\n<p class=\"MsoNormal\">Esta modificaci\u00f3n fue propuesta por las diputadas Lizett Arroyo Rodr\u00edguez y Nancy Ben\u00edtez Z\u00e1rate. Entrar\u00e1 en vigor al d\u00eda siguiente de su publicaci\u00f3n en el Peri\u00f3dico Oficial del Estado de Oaxaca.<\/p>\n\n\n\n<p><\/p>\n","protected":false},"excerpt":{"rendered":"<p>Redacci\u00f3n\/Zona Roja.&nbsp; Oaxaca de Ju\u00e1rez, Oax. 3 de octubre de 2024.- Con 34 votos a&hellip;<\/p>\n","protected":false},"author":2,"featured_media":71661,"comment_status":"closed","ping_status":"open","sticky":false,"template":"","format":"standard","meta":{"_lmt_disableupdate":"","_lmt_disable":"","_jetpack_memberships_contains_paid_content":false,"footnotes":""},"categories":[109,46],"tags":[],"class_list":["post-73084","post","type-post","status-publish","format-standard","has-post-thumbnail","hentry","category-minuto-a-minuto","category-zona-blanca"],"jetpack_featured_media_url":"https:\/\/zonaroja.com.mx\/wp-content\/uploads\/2024\/08\/Aprueba-Congreso-creacion-de-Defensoria-para-proteger-derechos-politicos-y-electorales-de-mujeres-y-grupos-vulnerables_2.jpeg","jetpack_sharing_enabled":true,"_links":{"self":[{"href":"https:\/\/zonaroja.com.mx\/index.php?rest_route=\/wp\/v2\/posts\/73084","targetHints":{"allow":["GET"]}}],"collection":[{"href":"https:\/\/zonaroja.com.mx\/index.php?rest_route=\/wp\/v2\/posts"}],"about":[{"href":"https:\/\/zonaroja.com.mx\/index.php?rest_route=\/wp\/v2\/types\/post"}],"author":[{"embeddable":true,"href":"https:\/\/zonaroja.com.mx\/index.php?rest_route=\/wp\/v2\/users\/2"}],"replies":[{"embeddable":true,"href":"https:\/\/zonaroja.com.mx\/index.php?rest_route=%2Fwp%2Fv2%2Fcomments&post=73084"}],"version-history":[{"count":1,"href":"https:\/\/zonaroja.com.mx\/index.php?rest_route=\/wp\/v2\/posts\/73084\/revisions"}],"predecessor-version":[{"id":73085,"href":"https:\/\/zonaroja.com.mx\/index.php?rest_route=\/wp\/v2\/posts\/73084\/revisions\/73085"}],"wp:featuredmedia":[{"embeddable":true,"href":"https:\/\/zonaroja.com.mx\/index.php?rest_route=\/wp\/v2\/media\/71661"}],"wp:attachment":[{"href":"https:\/\/zonaroja.com.mx\/index.php?rest_route=%2Fwp%2Fv2%2Fmedia&parent=73084"}],"wp:term":[{"taxonomy":"category","embeddable":true,"href":"https:\/\/zonaroja.com.mx\/index.php?rest_route=%2Fwp%2Fv2%2Fcategories&post=73084"},{"taxonomy":"post_tag","embeddable":true,"href":"https:\/\/zonaroja.com.mx\/index.php?rest_route=%2Fwp%2Fv2%2Ftags&post=73084"}],"curies":[{"name":"wp","href":"https:\/\/api.w.org\/{rel}","templated":true}]}}