{"id":73086,"date":"2024-10-03T20:42:19","date_gmt":"2024-10-04T02:42:19","guid":{"rendered":"https:\/\/zonaroja.com.mx\/?p=73086"},"modified":"2024-10-04T13:51:59","modified_gmt":"2024-10-04T19:51:59","slug":"violencia-sin-freno-en-sinaloa-126-crimenes-en-menos-de-un-mes","status":"publish","type":"post","link":"https:\/\/zonaroja.com.mx\/?p=73086","title":{"rendered":"Violencia sin freno en Sinaloa: 126 cr\u00edmenes en menos de un mes"},"content":{"rendered":"\n<p>Redacci\u00f3n\/Zona Roja Cdmx.<\/p>\n\n\n\n<p>Ciudad de M\u00e9xico, a 3 de octubre de 2024.- Ya se cumplieron 25 d\u00edas desde el estallido de la guerra entre \u201cLos Chapitos\u201d y \u201cLa Mayiza\u201d; en este tiempo se han registrado 126 homicidios dolosos, seg\u00fan datos recogidos por la Fiscal\u00eda General de Justicia (FGJ) de Sinaloa y las autoridades federales encargadas de la seguridad p\u00fablica.<\/p>\n\n\n\n<p>En el reporte de homicidios dolosos realizado por el Grupo Interinstitucional que incluye a la Secretar\u00eda de la Defensa Nacional, Secretar\u00eda de Marina, Guardia Nacional y Fiscal\u00eda General de la Rep\u00fablica, se da cuenta que desde el 9 de septiembre -d\u00eda en que estall\u00f3 la guerra- s\u00f3lo un d\u00eda (10 de septiembre) ha registrado saldo blanco en materia de personas asesinadas en Sinaloa.<\/p>\n\n\n\n<p>En contraparte, el d\u00eda m\u00e1s violento durante los enfrentamientos fue el 15 de septiembre; en pleno D\u00eda de la independencia asesinaron a 14 personas en Sinaloa, incluyendo cinco v\u00edctimas, cuyos cuerpos aparecieron en la entrada sur de Culiac\u00e1n: ten\u00edan muestras de tortura, heridas de bala y sobre sus cabezas y cuellos colocaron sombreros.<\/p>\n\n\n\n<p>Durante una jornada de protesta por la desaparici\u00f3n de decenas de personas en Sinaloa, las l\u00edderes del colectivo Sabuesos Guerreras denunciaron la desaparici\u00f3n de 189 personas en los 25 d\u00edas de enfrentamientos entre Chapitos y Mayiza.<\/p>\n\n\n\n<p>\u201cLas familias vivimos encerradas por temor a que se lleven a nuestros hijos, hermanos, t\u00edos, sobrinos y nietos. Les recordamos a las autoridades que la paz no se construye s\u00f3lo con voluntad, y menos de los grupos criminales, se requiere de justicia efectiva, reparaci\u00f3n del da\u00f1o y un ejercicio constante de recuperaci\u00f3n y construcci\u00f3n de memoria hist\u00f3rica\u201d, difundi\u00f3 la asociaci\u00f3n civil.<\/p>\n\n\n\n<p>En la mayor\u00eda de las fichas de b\u00fasqueda compartidas por el colectivo se observa que las v\u00edctimas son j\u00f3venes, algunos de ellos no mayores de 25 a\u00f1os y que viv\u00edan o fueron vistos por \u00faltima ocasi\u00f3n en ciudades como Culiac\u00e1n, Mazatl\u00e1n, Eldorado y Elota, donde se han concentrado gran parte de las balaceras entre los los integrantes de las dos facciones del C\u00e1rtel de Sinaloa ahora enemistadas.<\/p>\n\n\n\n<p>El pasado 17 de septiembre el extitular de la Sedena, Luis Cersencio Sandoval , confirm\u00f3 la muerte de dos militares durante enfrentamientos con integrantes del crimen organizado de Sinaloa; para el 27 del mismo mes se report\u00f3 una emboscada a militares en el poblado Barras de Peaxtla, con saldo de un militar asesinado que respond\u00eda al nombre de Alberto \u201cC\u201d.<\/p>\n\n\n\n<p>Adem\u00e1s de los militares asesinados, la organizaci\u00f3n Causa en Com\u00fan tiene registro de 6 polic\u00edas asesinados en Sinaloa en lo que va de 2024, de ellos, tres fueron abatidos en el transcurso de la guerra entre \u201cChapitos\u201d y \u201cMayiza\u201d: un militar, incluido en el reporte de la Sedena, y dos polic\u00edas municipales que murieron en enfrentamientos en Mazatl\u00e1n.<\/p>\n\n\n\n<p>Otro de los delitos que repuntaron a consecuencia de la guerra intestina del C\u00e1rtel de Sinaloa es el robo de autos, los cuales suelen ser utilizados para cometer otros delitos, bloquear carreteras y en balaceras y persecuciones.<\/p>\n\n\n\n<p>Seg\u00fan datos de la FGJ de Sinaloa, s\u00f3lo durante el pasado 30 de septiembre se reportaron 22 denuncias por este delito, la mayor\u00eda de los cuales ocurrieron en Culiac\u00e1n, epicentro de la batalla criminal.<\/p>\n\n\n\n<p>(Informaci\u00f3n de Infobae M\u00e9xico)<\/p>\n","protected":false},"excerpt":{"rendered":"<p>Redacci\u00f3n\/Zona Roja Cdmx. Ciudad de M\u00e9xico, a 3 de octubre de 2024.- Ya se cumplieron&hellip;<\/p>\n","protected":false},"author":2,"featured_media":71931,"comment_status":"closed","ping_status":"open","sticky":false,"template":"","format":"standard","meta":{"_lmt_disableupdate":"","_lmt_disable":"","_jetpack_memberships_contains_paid_content":false,"footnotes":""},"categories":[109,47],"tags":[],"class_list":["post-73086","post","type-post","status-publish","format-standard","has-post-thumbnail","hentry","category-minuto-a-minuto","category-zona-gris"],"jetpack_featured_media_url":"https:\/\/zonaroja.com.mx\/wp-content\/uploads\/2024\/08\/Enfrentamientos-en-Sinaloa.avif","jetpack_sharing_enabled":true,"_links":{"self":[{"href":"https:\/\/zonaroja.com.mx\/index.php?rest_route=\/wp\/v2\/posts\/73086","targetHints":{"allow":["GET"]}}],"collection":[{"href":"https:\/\/zonaroja.com.mx\/index.php?rest_route=\/wp\/v2\/posts"}],"about":[{"href":"https:\/\/zonaroja.com.mx\/index.php?rest_route=\/wp\/v2\/types\/post"}],"author":[{"embeddable":true,"href":"https:\/\/zonaroja.com.mx\/index.php?rest_route=\/wp\/v2\/users\/2"}],"replies":[{"embeddable":true,"href":"https:\/\/zonaroja.com.mx\/index.php?rest_route=%2Fwp%2Fv2%2Fcomments&post=73086"}],"version-history":[{"count":2,"href":"https:\/\/zonaroja.com.mx\/index.php?rest_route=\/wp\/v2\/posts\/73086\/revisions"}],"predecessor-version":[{"id":73111,"href":"https:\/\/zonaroja.com.mx\/index.php?rest_route=\/wp\/v2\/posts\/73086\/revisions\/73111"}],"wp:featuredmedia":[{"embeddable":true,"href":"https:\/\/zonaroja.com.mx\/index.php?rest_route=\/wp\/v2\/media\/71931"}],"wp:attachment":[{"href":"https:\/\/zonaroja.com.mx\/index.php?rest_route=%2Fwp%2Fv2%2Fmedia&parent=73086"}],"wp:term":[{"taxonomy":"category","embeddable":true,"href":"https:\/\/zonaroja.com.mx\/index.php?rest_route=%2Fwp%2Fv2%2Fcategories&post=73086"},{"taxonomy":"post_tag","embeddable":true,"href":"https:\/\/zonaroja.com.mx\/index.php?rest_route=%2Fwp%2Fv2%2Ftags&post=73086"}],"curies":[{"name":"wp","href":"https:\/\/api.w.org\/{rel}","templated":true}]}}