{"id":73091,"date":"2024-10-04T08:17:00","date_gmt":"2024-10-04T14:17:00","guid":{"rendered":"https:\/\/zonaroja.com.mx\/?p=73091"},"modified":"2024-10-04T07:29:12","modified_gmt":"2024-10-04T13:29:12","slug":"persisten-inundaciones-en-juchitan-claman-ayuda-en-coicoyan","status":"publish","type":"post","link":"https:\/\/zonaroja.com.mx\/?p=73091","title":{"rendered":"Persisten inundaciones en Juchit\u00e1n; claman ayuda en Coicoy\u00e1n"},"content":{"rendered":"\n<p>Raymundo Morales\/Zona Roja.<\/p>\n\n\n\n<p>Oaxaca de Ju\u00e1rez, Oax., a 4 de octubre de 2024.- Mientras que en Juchit\u00e1n de Zaragoza la madrugada de hoy se comenz\u00f3 a desbordar de nuevo el r\u00edo \u201cLos Perros\u201d, principalmente en la Quinta Secci\u00f3n, en Coicoy\u00e1n de las Flores claman ayuda.<\/p>\n\n\n\n<p>A trav\u00e9s de fotograf\u00edas y videos difundidos, en este municipio de la regi\u00f3n Mixteca la situaci\u00f3n es cr\u00edtica, por el deslave de laderas sobre viviendas, inundaciones y da\u00f1os a la carretera.<\/p>\n\n\n\n<p>Fue en Coicoy\u00e1n donde la semana pasada perdieron la vida un adulto mayor y un menor de edad, ambos m\u00fasicos, debido a la ca\u00edda de lodo y piedras en su domicilio.<\/p>\n\n\n\n<p>\u201cRequerimos que el gobierno federal y estatal su intervenci\u00f3n inmediatamente para atender las afectaciones causadas por las lluvias dejada por el paso del hurac\u00e1n \u2018John\u2019 y tambi\u00e9n le pedimos al se\u00f1or gobernador que atienda nuestra situaci\u00f3n\u201d, destaca un poblador, mientras muestra im\u00e1genes de las afectaciones a las viviendas.<\/p>\n\n\n\n<p>En tanto, en Juchit\u00e1n de Zaragoza, en los primeros minutos de este viernes hubo alarma de nuevo en la Quinta Secci\u00f3n debido a un nuevo desbordamiento del r\u00edo \u201cLos Perros\u201d.<\/p>\n\n\n\n<p>Del saldo de ayer, hay al menos dos mil damnificados por anegaciones a calles y viviendas, cuyas familias fueron desalojadas con el apoyo del Ej\u00e9rcito Mexicano y la Coordinaci\u00f3n Estatal de Protecci\u00f3n Civil.<\/p>\n\n\n\n<p>Adem\u00e1s, de acuerdo con el Gobierno del Estado, se mantiene monitoreo constante de los r\u00edos \u201cTamarindo\u201d, \u201cOstuta\u201d, \u201cSuluapa\u201d, \u201cEl Novillero\u201d y \u201cEsp\u00edritu Santo\u201d, los cuales se encuentran en un 50 por ciento de su capacidad.&nbsp;<\/p>\n\n\n\n<p>En un comunicado, detall\u00f3 que en Juchit\u00e1n se encuentra activo el refugio temporal ubicado en el Instituto Tecnol\u00f3gico del Istmo (ITI), con una capacidad para 500 personas.&nbsp;<\/p>\n\n\n\n<p>Luego del desbordamiento del r\u00edo \u201cLos Perros\u201d, por el paso de la Depresi\u00f3n Tropical Once-E, se abri\u00f3 este espacio donde hasta ayer se contaba con una ocupaci\u00f3n de 18 familias, con un total de 61 personas: 23 mujeres, seis hombres, 15 ni\u00f1os y 12 ni\u00f1as, as\u00ed como cinco adultos mayores (cuatro mujeres y un hombre).&nbsp;<\/p>\n\n\n\n<p>Estas personas fueron evacuadas del callej\u00f3n Excelsior de la Quinta Secci\u00f3n; de la avenida Cuauht\u00e9moc de la Octava Secci\u00f3n; as\u00ed como del callej\u00f3n del R\u00edo de la Quinta Secci\u00f3n, de dicho municipio. &nbsp;<\/p>\n\n\n\n<p>Otros municipios y localidades de la zona Mixe-Zapoteca tambi\u00e9n presentan severos da\u00f1os, de lo cual no hay hasta ahora informaci\u00f3n suficiente.<\/p>\n","protected":false},"excerpt":{"rendered":"<p>Raymundo Morales\/Zona Roja. Oaxaca de Ju\u00e1rez, Oax., a 4 de octubre de 2024.- Mientras que&hellip;<\/p>\n","protected":false},"author":2,"featured_media":73092,"comment_status":"closed","ping_status":"open","sticky":false,"template":"","format":"standard","meta":{"_lmt_disableupdate":"","_lmt_disable":"","_jetpack_memberships_contains_paid_content":false,"footnotes":""},"categories":[109,47],"tags":[848],"class_list":["post-73091","post","type-post","status-publish","format-standard","has-post-thumbnail","hentry","category-minuto-a-minuto","category-zona-gris","tag-danos-lluvias-oaxaca"],"jetpack_featured_media_url":"https:\/\/zonaroja.com.mx\/wp-content\/uploads\/2024\/10\/Danos-lluvias-Coicoyan-de-las-Flores.jpg","jetpack_sharing_enabled":true,"_links":{"self":[{"href":"https:\/\/zonaroja.com.mx\/index.php?rest_route=\/wp\/v2\/posts\/73091","targetHints":{"allow":["GET"]}}],"collection":[{"href":"https:\/\/zonaroja.com.mx\/index.php?rest_route=\/wp\/v2\/posts"}],"about":[{"href":"https:\/\/zonaroja.com.mx\/index.php?rest_route=\/wp\/v2\/types\/post"}],"author":[{"embeddable":true,"href":"https:\/\/zonaroja.com.mx\/index.php?rest_route=\/wp\/v2\/users\/2"}],"replies":[{"embeddable":true,"href":"https:\/\/zonaroja.com.mx\/index.php?rest_route=%2Fwp%2Fv2%2Fcomments&post=73091"}],"version-history":[{"count":1,"href":"https:\/\/zonaroja.com.mx\/index.php?rest_route=\/wp\/v2\/posts\/73091\/revisions"}],"predecessor-version":[{"id":73093,"href":"https:\/\/zonaroja.com.mx\/index.php?rest_route=\/wp\/v2\/posts\/73091\/revisions\/73093"}],"wp:featuredmedia":[{"embeddable":true,"href":"https:\/\/zonaroja.com.mx\/index.php?rest_route=\/wp\/v2\/media\/73092"}],"wp:attachment":[{"href":"https:\/\/zonaroja.com.mx\/index.php?rest_route=%2Fwp%2Fv2%2Fmedia&parent=73091"}],"wp:term":[{"taxonomy":"category","embeddable":true,"href":"https:\/\/zonaroja.com.mx\/index.php?rest_route=%2Fwp%2Fv2%2Fcategories&post=73091"},{"taxonomy":"post_tag","embeddable":true,"href":"https:\/\/zonaroja.com.mx\/index.php?rest_route=%2Fwp%2Fv2%2Ftags&post=73091"}],"curies":[{"name":"wp","href":"https:\/\/api.w.org\/{rel}","templated":true}]}}