{"id":73097,"date":"2024-10-04T10:32:00","date_gmt":"2024-10-04T16:32:00","guid":{"rendered":"https:\/\/zonaroja.com.mx\/?p=73097"},"modified":"2024-10-04T08:18:40","modified_gmt":"2024-10-04T14:18:40","slug":"claman-justicia-por-asesinato-de-rebeca-sumaron-seis-feminicidios-en-septiembre","status":"publish","type":"post","link":"https:\/\/zonaroja.com.mx\/?p=73097","title":{"rendered":"Claman justicia por asesinato de Rebeca; sumaron seis feminicidios en septiembre"},"content":{"rendered":"\n<p>Raymundo Moraes\/Zona Roja.<\/p>\n\n\n\n<p>Oaxaca de Ju\u00e1rez, Oax., a 4 de septiembre de 2024.- Habitantes de la agencia de Barra de Copalita y de la cabecera municipal San Miguel del Puerto, reiteraron su exigencia de justicia para Rebeca H. F., asesinada presuntamente por migrantes el pasado lunes 30 de septiembre.<\/p>\n\n\n\n<p>En ese contexto, autoridades de ambas demarcaciones tomaron el mi\u00e9rcoles la determinaci\u00f3n de impedir que los indocumentados que cruzan por la zona se instalen en esas comunidades.<\/p>\n\n\n\n<p>Durante una asamblea se convino que, con el respaldo de la Polic\u00eda Estatal, el Instituto Nacional de Migraci\u00f3n y el Ej\u00e9rcito Mexicano, se proceder\u00e1 a invitar de manera pac\u00edfica y respetuosa a los migrantes a abandonar la demarcaci\u00f3n de Barra de Copalita, garantizando en todo momento el respeto a sus derechos humanos.<\/p>\n\n\n\n<p>\u201cRetiro pac\u00edfico: Se llevar\u00e1 a cabo una invitaci\u00f3n formal a los migrantes presentes en la comunidad para que abandonen el territorio, sin recurrir a acciones que violenten sus derechos humanos.<\/p>\n\n\n\n<p>\u201cRegulaci\u00f3n del ingreso: A partir de hoy, las autoridades locales implementar\u00e1n medidas estrictas para regular el ingreso de personas a la comunidad, prohibiendo la entrada de migrantes a Barra de Copalita\u201d, destacan.<\/p>\n\n\n\n<p>LAS MUERTES<\/p>\n\n\n\n<p>De acuerdo con el recuento hemerogr\u00e1fico por parte del Grupo de Estudios sobre la Mujer Rosario Castellanos, del 1 de diciembre de 2022 al 26 de septiembre de 2024, han asesinado de manera violenta a 180 mujeres.<\/p>\n\n\n\n<p>Seg\u00fan un recuento de ZONA ROJA, durante septiembre fueron asesinadas al menos seis mujeres y se indagan como probables feminicidios.<\/p>\n\n\n\n<p>El 2 de septiembre en Santa Catarina Juquila fueron acribilladas dos personas y una de las personas fallecidas era una mujer; el d\u00eda 3 mataron a balazos a una femenina en jurisdicci\u00f3n de Santa Mar\u00eda Tonameca, cuando se trasladaba a bordo de su veh\u00edculo.<\/p>\n\n\n\n<p>El 5 de septiembre ocurri\u00f3 otro probable feminicidio, en San Francisco Lachigol\u00f3, Tlacolula; otro caso m\u00e1s el d\u00eda 17 en Santa Mar\u00eda Xadani; una mujer m\u00e1s ultimada el d\u00eda 30 de septiembre, en la agencia de Donaj\u00ed en la ciudad de Oaxaca y el de Rebeca en Barra de Copalita.<\/p>\n","protected":false},"excerpt":{"rendered":"<p>Raymundo Moraes\/Zona Roja. Oaxaca de Ju\u00e1rez, Oax., a 4 de septiembre de 2024.- Habitantes de&hellip;<\/p>\n","protected":false},"author":2,"featured_media":73098,"comment_status":"closed","ping_status":"open","sticky":false,"template":"","format":"standard","meta":{"_lmt_disableupdate":"","_lmt_disable":"","_jetpack_memberships_contains_paid_content":false,"footnotes":""},"categories":[109,47],"tags":[610],"class_list":["post-73097","post","type-post","status-publish","format-standard","has-post-thumbnail","hentry","category-minuto-a-minuto","category-zona-gris","tag-feminicidios-oaxaca"],"jetpack_featured_media_url":"https:\/\/zonaroja.com.mx\/wp-content\/uploads\/2024\/10\/Rebeca-San-Miguel-del-Puerto-Barra-de-Copalita.jpg","jetpack_sharing_enabled":true,"_links":{"self":[{"href":"https:\/\/zonaroja.com.mx\/index.php?rest_route=\/wp\/v2\/posts\/73097","targetHints":{"allow":["GET"]}}],"collection":[{"href":"https:\/\/zonaroja.com.mx\/index.php?rest_route=\/wp\/v2\/posts"}],"about":[{"href":"https:\/\/zonaroja.com.mx\/index.php?rest_route=\/wp\/v2\/types\/post"}],"author":[{"embeddable":true,"href":"https:\/\/zonaroja.com.mx\/index.php?rest_route=\/wp\/v2\/users\/2"}],"replies":[{"embeddable":true,"href":"https:\/\/zonaroja.com.mx\/index.php?rest_route=%2Fwp%2Fv2%2Fcomments&post=73097"}],"version-history":[{"count":1,"href":"https:\/\/zonaroja.com.mx\/index.php?rest_route=\/wp\/v2\/posts\/73097\/revisions"}],"predecessor-version":[{"id":73099,"href":"https:\/\/zonaroja.com.mx\/index.php?rest_route=\/wp\/v2\/posts\/73097\/revisions\/73099"}],"wp:featuredmedia":[{"embeddable":true,"href":"https:\/\/zonaroja.com.mx\/index.php?rest_route=\/wp\/v2\/media\/73098"}],"wp:attachment":[{"href":"https:\/\/zonaroja.com.mx\/index.php?rest_route=%2Fwp%2Fv2%2Fmedia&parent=73097"}],"wp:term":[{"taxonomy":"category","embeddable":true,"href":"https:\/\/zonaroja.com.mx\/index.php?rest_route=%2Fwp%2Fv2%2Fcategories&post=73097"},{"taxonomy":"post_tag","embeddable":true,"href":"https:\/\/zonaroja.com.mx\/index.php?rest_route=%2Fwp%2Fv2%2Ftags&post=73097"}],"curies":[{"name":"wp","href":"https:\/\/api.w.org\/{rel}","templated":true}]}}