{"id":73100,"date":"2024-10-04T11:18:00","date_gmt":"2024-10-04T17:18:00","guid":{"rendered":"https:\/\/zonaroja.com.mx\/?p=73100"},"modified":"2024-10-04T08:23:37","modified_gmt":"2024-10-04T14:23:37","slug":"dictan-30-anos-de-prision-para-homicida-de-soyaltepec-oaxaca","status":"publish","type":"post","link":"https:\/\/zonaroja.com.mx\/?p=73100","title":{"rendered":"Dictan 30 a\u00f1os de prisi\u00f3n para homicida de Soyaltepec, Oaxaca"},"content":{"rendered":"\n<p>Redacci\u00f3n\/Zona Roja.&nbsp;<\/p>\n\n\n\n<p>Oaxaca de Ju\u00e1rez, Oax. 3 de octubre de 2024.- Derivado de los trabajos de Investigaci\u00f3n especializada en delitos de alto impacto, la Fiscal\u00eda General del Estado de Oaxaca (FGEO) obtuvo una sentencia condenatoria de 30 a\u00f1os de prisi\u00f3n en contra de una persona del sexo masculino identificado como Francisco C.R., por el delito de Homicidio Calificado, ocurrido en la regi\u00f3n de la Cuenca del Papaloapan.<\/p>\n\n\n\n<p>De acuerdo con lo establecido en la causa penal, los hechos se suscitaron el d\u00eda 18 de junio de 2023, cuando la v\u00edctima -identificada como R.C.O.- se encontraba reunido con otras personas, en un domicilio ubicado en la calle Sor Juana In\u00e9s de la Cruz en la poblaci\u00f3n del Carmen, San Miguel Soyaltepec.<\/p>\n\n\n\n<p>El expediente revela que al lugar de la reuni\u00f3n se acerc\u00f3 Francisco C.R., y con el arma de fuego que portaba, dispar\u00f3 contra ellos, privando de la vida a R.C.O., y dejando lesionado a su hijo, tras estos hechos, el imputado fue sometido por otras personas para desarmarlo.<\/p>\n\n\n\n<p>Ante estos hechos, la FGEO inici\u00f3 las investigaciones correspondientes a trav\u00e9s de la Vicefiscal\u00eda Regional de la Cuenca, logrando aprehender y presentar al imputado ante el Juez que lo requiri\u00f3.<\/p>\n\n\n\n<p>Tras el desahogo de pruebas aportadas por el Ministerio P\u00fablico, el Juez que atiende la causa, dict\u00f3 sentencia condenatoria de 30 a\u00f1os de prisi\u00f3n, as\u00ed como el pago de m\u00e1s de 500 mil pesos por concepto de reparaci\u00f3n del da\u00f1o.<\/p>\n\n\n\n<p>VIOLENTADOR DETENIDO<\/p>\n\n\n\n<p>En otro caso y como parte de la estrategia de cero tolerancia a delitos contra la mujer por raz\u00f3n de g\u00e9nero, la Fiscal\u00eda General del Estado de Oaxaca (FGEO) ejecut\u00f3 una orden de aprehensi\u00f3n en contra de una persona del sexo masculino, identificada como C.E.M.M., por el delito de Violencia Familiar cometido en agravio de D.K.H.T., ocurrido en la regi\u00f3n de los Valles Centrales.<\/p>\n\n\n\n<p>De acuerdo con la denuncia penal del caso, la v\u00edctima -pareja del imputado- fue agredida verbal y f\u00edsicamente en diferentes ocasiones durante el mes de abril de 2024, en un domicilio ubicado en San Francisco Tutla, perteneciente al municipio de Santa Luc\u00eda del Camino.<\/p>\n\n\n\n<p>La investigaci\u00f3n revela que, en reiteradas ocasiones, la v\u00edctima sufri\u00f3 violencia durante el desarrollo de su relaci\u00f3n.<\/p>\n\n\n\n<p>Una vez que la FGEO atrajo el caso, realiz\u00f3 las indagatorias correspondientes a trav\u00e9s de la Fiscal\u00eda Especializada para la Atenci\u00f3n de Delitos contra la Mujer por Raz\u00f3n de G\u00e9nero, logrando aprehender a C.E.M.M., quien qued\u00f3 a disposici\u00f3n de la autoridad ministerial correspondiente para determinar su situaci\u00f3n jur\u00eddica.<\/p>\n\n\n\n<p>La Fiscal\u00eda de Oaxaca est\u00e1 comprometida con brindar investigaciones prontas, especialmente en materia del delito de violencia familiar, pues con esto busca garantizar a las v\u00edctimas procesos de procuraci\u00f3n de justicia eficientes.<\/p>\n","protected":false},"excerpt":{"rendered":"<p>Redacci\u00f3n\/Zona Roja.&nbsp; Oaxaca de Ju\u00e1rez, Oax. 3 de octubre de 2024.- Derivado de los trabajos&hellip;<\/p>\n","protected":false},"author":2,"featured_media":69158,"comment_status":"closed","ping_status":"open","sticky":false,"template":"","format":"standard","meta":{"_lmt_disableupdate":"","_lmt_disable":"","_jetpack_memberships_contains_paid_content":false,"footnotes":""},"categories":[109,46],"tags":[494],"class_list":["post-73100","post","type-post","status-publish","format-standard","has-post-thumbnail","hentry","category-minuto-a-minuto","category-zona-blanca","tag-fiscalia-general-del-estado-de-oaxaca"],"jetpack_featured_media_url":"https:\/\/zonaroja.com.mx\/wp-content\/uploads\/2024\/06\/Asesino-carcel-prision.webp","jetpack_sharing_enabled":true,"_links":{"self":[{"href":"https:\/\/zonaroja.com.mx\/index.php?rest_route=\/wp\/v2\/posts\/73100","targetHints":{"allow":["GET"]}}],"collection":[{"href":"https:\/\/zonaroja.com.mx\/index.php?rest_route=\/wp\/v2\/posts"}],"about":[{"href":"https:\/\/zonaroja.com.mx\/index.php?rest_route=\/wp\/v2\/types\/post"}],"author":[{"embeddable":true,"href":"https:\/\/zonaroja.com.mx\/index.php?rest_route=\/wp\/v2\/users\/2"}],"replies":[{"embeddable":true,"href":"https:\/\/zonaroja.com.mx\/index.php?rest_route=%2Fwp%2Fv2%2Fcomments&post=73100"}],"version-history":[{"count":1,"href":"https:\/\/zonaroja.com.mx\/index.php?rest_route=\/wp\/v2\/posts\/73100\/revisions"}],"predecessor-version":[{"id":73101,"href":"https:\/\/zonaroja.com.mx\/index.php?rest_route=\/wp\/v2\/posts\/73100\/revisions\/73101"}],"wp:featuredmedia":[{"embeddable":true,"href":"https:\/\/zonaroja.com.mx\/index.php?rest_route=\/wp\/v2\/media\/69158"}],"wp:attachment":[{"href":"https:\/\/zonaroja.com.mx\/index.php?rest_route=%2Fwp%2Fv2%2Fmedia&parent=73100"}],"wp:term":[{"taxonomy":"category","embeddable":true,"href":"https:\/\/zonaroja.com.mx\/index.php?rest_route=%2Fwp%2Fv2%2Fcategories&post=73100"},{"taxonomy":"post_tag","embeddable":true,"href":"https:\/\/zonaroja.com.mx\/index.php?rest_route=%2Fwp%2Fv2%2Ftags&post=73100"}],"curies":[{"name":"wp","href":"https:\/\/api.w.org\/{rel}","templated":true}]}}