{"id":73113,"date":"2024-10-04T16:38:00","date_gmt":"2024-10-04T22:38:00","guid":{"rendered":"https:\/\/zonaroja.com.mx\/?p=73113"},"modified":"2024-10-04T15:42:02","modified_gmt":"2024-10-04T21:42:02","slug":"suspende-gobierno-de-oaxaca-programa-de-verificacion-vehicular","status":"publish","type":"post","link":"https:\/\/zonaroja.com.mx\/?p=73113","title":{"rendered":"Suspende gobierno de Oaxaca programa de verificaci\u00f3n vehicular"},"content":{"rendered":"\n<p>Redacci\u00f3n\/Zona Roja.<\/p>\n\n\n\n<p>Oaxaca de Ju\u00e1rez, Oax., a 4 de octubre de 2024.- El Gobierno del Estado de Oaxaca anunci\u00f3 una suspensi\u00f3n o moratoria en lo que resta del 2024 a los operativos de la Polic\u00eda Vial Estatal relacionados con el programa de verificaci\u00f3n vehicular, el cual est\u00e1 encaminado a la protecci\u00f3n y cuidado de la calidad del aire.<\/p>\n\n\n\n<p>El esquema reiniciar\u00e1 en el 2025 bajo los est\u00e1ndares nacionales e internacionales, de manera eficiente y con una revisi\u00f3n puntual de los verificentros.<\/p>\n\n\n\n<p>Durante la conferencia del Gabinete de Seguridad, el titular de la Secretar\u00eda de Gobierno, Jes\u00fas Romero L\u00f3pez, expres\u00f3 que esta medida busca reorganizar el proceso y evitar generar mayor corrupci\u00f3n, toda vez que se tiene conocimiento que en algunos verificentros el servicio es lento e ineficaz, no entregan recibos fiscales y hay personas que se ofrecen a otorgar el certificado sin necesidad de la revisi\u00f3n presencial.<\/p>\n\n\n\n<p>Cabe destacar que una moratoria es la suspensi\u00f3n temporal o pr\u00f3rroga establecida en la ley para cumplir una acci\u00f3n determinada o instituida por el Gobierno del Estado.<\/p>\n\n\n\n<p>De esta manera, el Gobierno de la Primavera Oaxaque\u00f1a refrenda su compromiso para establecer acciones que contribuyan al cuidado y desarrollo del medio ambiente y avanzar en La construcci\u00f3n de las bases para el desarrollo integral y sustentable de las ocho regiones de Oaxaca.<\/p>\n\n\n\n<p>(Comunicado)<\/p>\n","protected":false},"excerpt":{"rendered":"<p>Redacci\u00f3n\/Zona Roja. Oaxaca de Ju\u00e1rez, Oax., a 4 de octubre de 2024.- El Gobierno del&hellip;<\/p>\n","protected":false},"author":2,"featured_media":73114,"comment_status":"closed","ping_status":"open","sticky":false,"template":"","format":"standard","meta":{"_lmt_disableupdate":"","_lmt_disable":"","_jetpack_memberships_contains_paid_content":false,"footnotes":""},"categories":[109,46],"tags":[],"class_list":["post-73113","post","type-post","status-publish","format-standard","has-post-thumbnail","hentry","category-minuto-a-minuto","category-zona-blanca"],"jetpack_featured_media_url":"https:\/\/zonaroja.com.mx\/wp-content\/uploads\/2024\/10\/Verificentro-Oaxaca.jpg","jetpack_sharing_enabled":true,"_links":{"self":[{"href":"https:\/\/zonaroja.com.mx\/index.php?rest_route=\/wp\/v2\/posts\/73113","targetHints":{"allow":["GET"]}}],"collection":[{"href":"https:\/\/zonaroja.com.mx\/index.php?rest_route=\/wp\/v2\/posts"}],"about":[{"href":"https:\/\/zonaroja.com.mx\/index.php?rest_route=\/wp\/v2\/types\/post"}],"author":[{"embeddable":true,"href":"https:\/\/zonaroja.com.mx\/index.php?rest_route=\/wp\/v2\/users\/2"}],"replies":[{"embeddable":true,"href":"https:\/\/zonaroja.com.mx\/index.php?rest_route=%2Fwp%2Fv2%2Fcomments&post=73113"}],"version-history":[{"count":1,"href":"https:\/\/zonaroja.com.mx\/index.php?rest_route=\/wp\/v2\/posts\/73113\/revisions"}],"predecessor-version":[{"id":73115,"href":"https:\/\/zonaroja.com.mx\/index.php?rest_route=\/wp\/v2\/posts\/73113\/revisions\/73115"}],"wp:featuredmedia":[{"embeddable":true,"href":"https:\/\/zonaroja.com.mx\/index.php?rest_route=\/wp\/v2\/media\/73114"}],"wp:attachment":[{"href":"https:\/\/zonaroja.com.mx\/index.php?rest_route=%2Fwp%2Fv2%2Fmedia&parent=73113"}],"wp:term":[{"taxonomy":"category","embeddable":true,"href":"https:\/\/zonaroja.com.mx\/index.php?rest_route=%2Fwp%2Fv2%2Fcategories&post=73113"},{"taxonomy":"post_tag","embeddable":true,"href":"https:\/\/zonaroja.com.mx\/index.php?rest_route=%2Fwp%2Fv2%2Ftags&post=73113"}],"curies":[{"name":"wp","href":"https:\/\/api.w.org\/{rel}","templated":true}]}}