{"id":73119,"date":"2024-10-04T20:25:26","date_gmt":"2024-10-05T02:25:26","guid":{"rendered":"https:\/\/zonaroja.com.mx\/?p=73119"},"modified":"2024-10-04T20:25:28","modified_gmt":"2024-10-05T02:25:28","slug":"confirman-muerte-de-una-bebe-en-oaxaca-por-mordida-de-un-perro-pitbull","status":"publish","type":"post","link":"https:\/\/zonaroja.com.mx\/?p=73119","title":{"rendered":"Confirman muerte de una beb\u00e9 en Oaxaca por mordida de un perro Pitbull"},"content":{"rendered":"\n<p>Ismael Garc\u00eda M.\/Zona Roja.<\/p>\n\n\n\n<p>Oaxaca de Ju\u00e1rez, Oax., a 4 de octubre de 2024.- Una reci\u00e9n nacida falleci\u00f3 en un hospital de Teotitl\u00e1n de Flores Mag\u00f3n, Oaxaca, a causa de las mordeduras de un perro de la raza Pitbull.<\/p>\n\n\n\n<p>De acuerdo con informaci\u00f3n de fuentes de la Fiscal\u00eda General del Estado de Oaxaca, el hecho ocurri\u00f3 el pasado lunes 30 de septiembre, en dicho municipio perteneciente a la regi\u00f3n Sierra de Flores Mag\u00f3n.<\/p>\n\n\n\n<p>Seg\u00fan el testimonio de la se\u00f1ora Georgina V. M., estaba al cuidado de la reci\u00e9n nacida, que era su nieta y a quien dej\u00f3 en la cama, en su domicilio de la calle Vista Hermosa de la colonia Hidalgo, para dirigirse a la cocina y preparar un biber\u00f3n.<\/p>\n\n\n\n<p>Sin embargo, en ese momento entr\u00f3 al cuarto el perro propiedad de la familia, de raza Pitbull y mordi\u00f3 a la peque\u00f1a, por lo cual la se\u00f1ora sali\u00f3 a pedir ayuda; tras el rescate uno de los vecinos le ayud\u00f3 a llevar a la beb\u00e9 al Hospital Comunitario de Teotitl\u00e1n.<\/p>\n\n\n\n<p>Sin embargo, al iniciar la atenci\u00f3n m\u00e9dica, el m\u00e9dico corrobor\u00f3 que la reci\u00e9n nacida ya no contaba con signos vitales, por lo que se dio vista al Ministerio P\u00fablico.<\/p>\n\n\n\n<p>La Fiscal\u00eda General del Estado inici\u00f3 la carpeta de investigaci\u00f3n 29998\/Teotitl\u00e1n\/2024, por el delito de homicidio culposo en contra de qui\u00e9n o quienes resulten responsables.<\/p>\n","protected":false},"excerpt":{"rendered":"<p>Ismael Garc\u00eda M.\/Zona Roja. Oaxaca de Ju\u00e1rez, Oax., a 4 de octubre de 2024.- Una&hellip;<\/p>\n","protected":false},"author":2,"featured_media":73120,"comment_status":"closed","ping_status":"open","sticky":false,"template":"","format":"standard","meta":{"_lmt_disableupdate":"","_lmt_disable":"","_jetpack_memberships_contains_paid_content":false,"footnotes":""},"categories":[109,47],"tags":[1806],"class_list":["post-73119","post","type-post","status-publish","format-standard","has-post-thumbnail","hentry","category-minuto-a-minuto","category-zona-gris","tag-teotitlan-de-flores-magon"],"jetpack_featured_media_url":"https:\/\/zonaroja.com.mx\/wp-content\/uploads\/2024\/10\/Perro-raza-pitbull.jpeg","jetpack_sharing_enabled":true,"_links":{"self":[{"href":"https:\/\/zonaroja.com.mx\/index.php?rest_route=\/wp\/v2\/posts\/73119","targetHints":{"allow":["GET"]}}],"collection":[{"href":"https:\/\/zonaroja.com.mx\/index.php?rest_route=\/wp\/v2\/posts"}],"about":[{"href":"https:\/\/zonaroja.com.mx\/index.php?rest_route=\/wp\/v2\/types\/post"}],"author":[{"embeddable":true,"href":"https:\/\/zonaroja.com.mx\/index.php?rest_route=\/wp\/v2\/users\/2"}],"replies":[{"embeddable":true,"href":"https:\/\/zonaroja.com.mx\/index.php?rest_route=%2Fwp%2Fv2%2Fcomments&post=73119"}],"version-history":[{"count":1,"href":"https:\/\/zonaroja.com.mx\/index.php?rest_route=\/wp\/v2\/posts\/73119\/revisions"}],"predecessor-version":[{"id":73121,"href":"https:\/\/zonaroja.com.mx\/index.php?rest_route=\/wp\/v2\/posts\/73119\/revisions\/73121"}],"wp:featuredmedia":[{"embeddable":true,"href":"https:\/\/zonaroja.com.mx\/index.php?rest_route=\/wp\/v2\/media\/73120"}],"wp:attachment":[{"href":"https:\/\/zonaroja.com.mx\/index.php?rest_route=%2Fwp%2Fv2%2Fmedia&parent=73119"}],"wp:term":[{"taxonomy":"category","embeddable":true,"href":"https:\/\/zonaroja.com.mx\/index.php?rest_route=%2Fwp%2Fv2%2Fcategories&post=73119"},{"taxonomy":"post_tag","embeddable":true,"href":"https:\/\/zonaroja.com.mx\/index.php?rest_route=%2Fwp%2Fv2%2Ftags&post=73119"}],"curies":[{"name":"wp","href":"https:\/\/api.w.org\/{rel}","templated":true}]}}