{"id":73124,"date":"2024-10-05T07:45:00","date_gmt":"2024-10-05T13:45:00","guid":{"rendered":"https:\/\/zonaroja.com.mx\/?p=73124"},"modified":"2024-10-05T06:53:49","modified_gmt":"2024-10-05T12:53:49","slug":"presidente-de-eu-llama-a-claudia-sheinbaum-y-la-felicita","status":"publish","type":"post","link":"https:\/\/zonaroja.com.mx\/?p=73124","title":{"rendered":"Presidente de EU llama a Claudia Sheinbaum y la felicita\u00a0"},"content":{"rendered":"\n<p>Redacci\u00f3n\/Zona Roja Cdmx.<\/p>\n\n\n\n<p>Ciudad de M\u00e9xico, a 5 de octubre de 2024.- El presidente de Estados Unidos, Joe Biden, llam\u00f3 este viernes v\u00eda telef\u00f3nica a Claudia Sheinbaum, presidenta de M\u00e9xico, para felicitarla por asumir la titularidad del Ejecutivo federal y para dialogar sobre la cooperaci\u00f3n bilateral.<\/p>\n\n\n\n<p>\u201cRecib\u00ed una llamada del presidente de Estados Unidos, Joseph Biden, en la que abordamos la cooperaci\u00f3n bilateral en materia econ\u00f3mica, cultural y comercial. Agradezco su felicitaci\u00f3n tras asumir como la primera presidenta de M\u00e9xico\u201d, escribi\u00f3 en su cuenta de X.<\/p>\n\n\n\n<p>\u00bbEspero continuar con esta s\u00f3lida y colaborativa asociaci\u00f3n que promover\u00e1 la prosperidad y la seguridad en ambos pa\u00edses\u00bb, dijo Biden sobre la llamada con Sheinbaum.<\/p>\n\n\n\n<p>Con motivo de su toma de protesta como presidenta de M\u00e9xico, el pasado 1 de octubre el presidente de Estados Unidos envi\u00f3 su felicitaci\u00f3n y ofreci\u00f3 trabajar en conjunto para lograr un futuro democr\u00e1tico.<\/p>\n\n\n\n<p>\u201cM\u00e9xico y Estados Unidos son socios fuertes y vecinos cercanos y compartimos profundos v\u00ednculos pol\u00edticos, econ\u00f3micos y culturales. Estados Unidos est\u00e1 comprometido a continuar trabajando con M\u00e9xico para lograr el futuro democr\u00e1tico, pr\u00f3spero y seguro que merecen los pueblos de nuestros dos pa\u00edses\u201d, dice una tarjeta emitida por la Embajada de Estados Unidas que data del 1 de octubre.<\/p>\n\n\n\n<p>La llamada de este viernes es la segunda que sostienen Biden y Sheinbaum desde junio pasado. El pasado 3 de junio, el presidente de Estados Unidos la llam\u00f3 para felicitarla por su triunfo en la elecci\u00f3n presidencial en la que Sheinbaum result\u00f3 ganadora.<\/p>\n\n\n\n<p>Las \u00faltimas semanas la relaci\u00f3n entre M\u00e9xico y Estados Unidos ha sido de desencuentros, por el rechazo del gobierno estadounidense a la Reforma Judicial y por la declaratoria de \u00e1rea natural protegida de un pol\u00edgono en Quintana Roo, donde operaba Calica, una empresa filial de la estadounidense Vulcan.<\/p>\n\n\n\n<p>En el caso de M\u00e9xico, hubo inconformidad por el operativo en el que e detuvo a Ismael \u201cEl Mayo\u201d Zambada, y se corresponsabiliz\u00f3 a Estados Unidos de la violencia que se desat\u00f3 en Sinaloa.<\/p>\n\n\n\n<p>(Informaci\u00f3n de \u201cExpansi\u00f3n Pol\u00edtica\u201d)<\/p>\n","protected":false},"excerpt":{"rendered":"<p>Redacci\u00f3n\/Zona Roja Cdmx. Ciudad de M\u00e9xico, a 5 de octubre de 2024.- El presidente de&hellip;<\/p>\n","protected":false},"author":2,"featured_media":73125,"comment_status":"closed","ping_status":"open","sticky":false,"template":"","format":"standard","meta":{"_lmt_disableupdate":"","_lmt_disable":"","_jetpack_memberships_contains_paid_content":false,"footnotes":""},"categories":[109,46],"tags":[3370],"class_list":["post-73124","post","type-post","status-publish","format-standard","has-post-thumbnail","hentry","category-minuto-a-minuto","category-zona-blanca","tag-claudia-sheinbaum"],"jetpack_featured_media_url":"https:\/\/zonaroja.com.mx\/wp-content\/uploads\/2024\/10\/Claudia-Sheinbaum-y-Joe-Biden.webp","jetpack_sharing_enabled":true,"_links":{"self":[{"href":"https:\/\/zonaroja.com.mx\/index.php?rest_route=\/wp\/v2\/posts\/73124","targetHints":{"allow":["GET"]}}],"collection":[{"href":"https:\/\/zonaroja.com.mx\/index.php?rest_route=\/wp\/v2\/posts"}],"about":[{"href":"https:\/\/zonaroja.com.mx\/index.php?rest_route=\/wp\/v2\/types\/post"}],"author":[{"embeddable":true,"href":"https:\/\/zonaroja.com.mx\/index.php?rest_route=\/wp\/v2\/users\/2"}],"replies":[{"embeddable":true,"href":"https:\/\/zonaroja.com.mx\/index.php?rest_route=%2Fwp%2Fv2%2Fcomments&post=73124"}],"version-history":[{"count":1,"href":"https:\/\/zonaroja.com.mx\/index.php?rest_route=\/wp\/v2\/posts\/73124\/revisions"}],"predecessor-version":[{"id":73126,"href":"https:\/\/zonaroja.com.mx\/index.php?rest_route=\/wp\/v2\/posts\/73124\/revisions\/73126"}],"wp:featuredmedia":[{"embeddable":true,"href":"https:\/\/zonaroja.com.mx\/index.php?rest_route=\/wp\/v2\/media\/73125"}],"wp:attachment":[{"href":"https:\/\/zonaroja.com.mx\/index.php?rest_route=%2Fwp%2Fv2%2Fmedia&parent=73124"}],"wp:term":[{"taxonomy":"category","embeddable":true,"href":"https:\/\/zonaroja.com.mx\/index.php?rest_route=%2Fwp%2Fv2%2Fcategories&post=73124"},{"taxonomy":"post_tag","embeddable":true,"href":"https:\/\/zonaroja.com.mx\/index.php?rest_route=%2Fwp%2Fv2%2Ftags&post=73124"}],"curies":[{"name":"wp","href":"https:\/\/api.w.org\/{rel}","templated":true}]}}