{"id":7313,"date":"2020-01-05T07:37:48","date_gmt":"2020-01-05T13:37:48","guid":{"rendered":"http:\/\/www.zonaroja.com.mx\/?p=7313"},"modified":"2020-01-05T07:37:52","modified_gmt":"2020-01-05T13:37:52","slug":"reportan-primeros-danos-a-viviendas-y-clinica-en-istmo-por-temblor","status":"publish","type":"post","link":"https:\/\/zonaroja.com.mx\/?p=7313","title":{"rendered":"Reportan primeros da\u00f1os a viviendas y cl\u00ednica en Istmo, por temblor"},"content":{"rendered":"\n<p><strong>Redacci\u00f3n\/Zona Roja.<\/strong><\/p>\n\n\n\n<p><strong>Oaxaca de Ju\u00e1rez, Oax., 5 de enero de 2020.- El\nsismo de magnitud 6.0 ocurrido anoche en la regi\u00f3n del Istmo de Tehuantepec\ndej\u00f3 da\u00f1os parciales y menores a una cl\u00ednica, as\u00ed como a viviendas, carreteras\ne inmuebles p\u00fablicos, adem\u00e1s del desfogue controlado en la refiner\u00eda \u201cIng.\nAntonio Doval\u00ed Jaime\u201d de Salina Cruz.<\/strong><\/p>\n\n\n\n<p><strong>De acuerdo con la Coordinaci\u00f3n Estatal de Protecci\u00f3n\nCivil de Oaxaca (CEPCO), el centro de salud ubicado en el municipio de Uni\u00f3n\nHidalgo \u2013epicentro del temblor ocurrido a las 22:40 horas de ayer&#8211; registr\u00f3 algunas\ngrietas y da\u00f1os al plaf\u00f3n.<\/strong><\/p>\n\n\n\n<p><strong>Asimismo, en esa localidad istme\u00f1a se agudizaron los\nda\u00f1os en la infraestructura del mercado \u201c5 de Mayo\u201d, afectado por los sismos de\n2017.<\/strong><\/p>\n\n\n\n<p><strong>\u201cEn este sitio, familias que se encuentran viviendo\naleda\u00f1as a la zona de riesgo, fueron exhortadas a desalojar por el riesgo que\nrepresentan estos da\u00f1os, sin embargo se negaron a abandonar el lugar\u201d, detall\u00f3\nen un comunicado.&nbsp; <\/strong><\/p>\n\n\n\n<p><strong>Por su parte, personal de Protecci\u00f3n Civil de San Blas Atempa report\u00f3 la afectaci\u00f3n en la fachada de una vivienda. <\/strong><\/p>\n\n\n\n<figure class=\"wp-block-embed-twitter wp-block-embed is-type-rich is-provider-twitter\"><div class=\"wp-block-embed__wrapper\">\n<div class=\"twitter-tweet\"><blockquote class=\"twitter-tweet\" data-lang=\"es\"><p lang=\"es\" dir=\"ltr\">Afectaciones parciales al centro de salud del municipio de Uni\u00f3n Hidalgo, as\u00ed como a viviendas en Tehuantepec, San Blas Atempa y Asunci\u00f3n Ixtaltepec, adem\u00e1s de desfogue controlado en la refiner\u00eda de <a href=\"https:\/\/twitter.com\/Pemex?ref_src=twsrc%5Etfw\">@Pemex<\/a>, son los primeros da\u00f1os que reporta <a href=\"https:\/\/twitter.com\/CEPCO_GobOax?ref_src=twsrc%5Etfw\">@CEPCO_GobOax<\/a>. <a href=\"https:\/\/t.co\/ByzMsZCpOb\">pic.twitter.com\/ByzMsZCpOb<\/a><\/p>&mdash; Zona Roja Oaxaca (@MexRoja) <a href=\"https:\/\/twitter.com\/MexRoja\/status\/1213804042452910081?ref_src=twsrc%5Etfw\">5 de enero de 2020<\/a><\/blockquote><\/div>\n<\/div><\/figure>\n\n\n\n<p><strong>En Santo Domingo Tehuantepec, en el Barrio Santa\nMar\u00eda, una vivienda no habitada present\u00f3 el desprendimiento de tejas. En Uni\u00f3n\nHidalgo tres viviendas resultaron con fisuras en muros divisorios.<\/strong><\/p>\n\n\n\n<p><strong>Con respecto al puente de Asunci\u00f3n Ixtaltepec,\nProtecci\u00f3n Municipal inform\u00f3 que \u00e9ste presenta un leve asentamiento en la zona\npeatonal, lo que no representa un riesgo para la circulaci\u00f3n de veh\u00edculos, ya\nque no compromete la estabilidad del mismo, toda vez que se trata de dos\nprocesos constructivos diferentes.<\/strong><\/p>\n\n\n\n<p><strong>Mientras tanto en Tuxtepec, en la Cuenca del\nPapaloapan, una vivienda ubicada en avenida Independencia present\u00f3 da\u00f1os de\ncuarteadura de pared en uno de sus dormitorios, sin que esto ponga en riesgo la\nvida de los habitantes de esa casa.<\/strong><\/p>\n\n\n\n<p><strong>Mientras tanto en Salina Cruz, caus\u00f3 alarma anoche\nel desfogue controlado en plantas de la refiner\u00eda; no obstante, las autoridades\nde Pemex confirmaron que es una situaci\u00f3n de emergencia que no afecta ni a la\npoblaci\u00f3n ni a la infraestructura<\/strong><\/p>\n\n\n\n<p><strong>Detall\u00f3 que se mantiene el operativo que realiza la CEPCO en coordinaci\u00f3n con personal de la Guardia Nacional, Ej\u00e9rcito Mexicano y unidades de protecci\u00f3n civil municipal, a fin de detectar si se presentan otros da\u00f1os en las zonas de mayor percepci\u00f3n del sismo.<\/strong><\/p>\n\n\n\n<figure class=\"wp-block-image\"><img decoding=\"async\" width=\"768\" height=\"1024\" src=\"http:\/\/www.zonaroja.com.mx\/wp-content\/uploads\/2020\/01\/Sismo-Istmo-4ene-1-768x1024.jpg\" alt=\"\" class=\"wp-image-7315\" srcset=\"https:\/\/zonaroja.com.mx\/wp-content\/uploads\/2020\/01\/Sismo-Istmo-4ene-1-768x1024.jpg 768w, https:\/\/zonaroja.com.mx\/wp-content\/uploads\/2020\/01\/Sismo-Istmo-4ene-1-225x300.jpg 225w, https:\/\/zonaroja.com.mx\/wp-content\/uploads\/2020\/01\/Sismo-Istmo-4ene-1-585x780.jpg 585w, https:\/\/zonaroja.com.mx\/wp-content\/uploads\/2020\/01\/Sismo-Istmo-4ene-1.jpg 960w\" sizes=\"(max-width: 768px) 100vw, 768px\" \/><\/figure>\n","protected":false},"excerpt":{"rendered":"<p>Redacci\u00f3n\/Zona Roja. Oaxaca de Ju\u00e1rez, Oax., 5 de enero de 2020.- El sismo de magnitud&hellip;<\/p>\n","protected":false},"author":2,"featured_media":7314,"comment_status":"closed","ping_status":"open","sticky":false,"template":"","format":"standard","meta":{"_lmt_disableupdate":"","_lmt_disable":"","_jetpack_memberships_contains_paid_content":false,"footnotes":""},"categories":[109,47],"tags":[1237],"class_list":["post-7313","post","type-post","status-publish","format-standard","has-post-thumbnail","hentry","category-minuto-a-minuto","category-zona-gris","tag-sismo-en-oaxaca"],"jetpack_featured_media_url":"https:\/\/zonaroja.com.mx\/wp-content\/uploads\/2020\/01\/Sismo-Istmo-4ene-2.jpg","jetpack_sharing_enabled":true,"_links":{"self":[{"href":"https:\/\/zonaroja.com.mx\/index.php?rest_route=\/wp\/v2\/posts\/7313","targetHints":{"allow":["GET"]}}],"collection":[{"href":"https:\/\/zonaroja.com.mx\/index.php?rest_route=\/wp\/v2\/posts"}],"about":[{"href":"https:\/\/zonaroja.com.mx\/index.php?rest_route=\/wp\/v2\/types\/post"}],"author":[{"embeddable":true,"href":"https:\/\/zonaroja.com.mx\/index.php?rest_route=\/wp\/v2\/users\/2"}],"replies":[{"embeddable":true,"href":"https:\/\/zonaroja.com.mx\/index.php?rest_route=%2Fwp%2Fv2%2Fcomments&post=7313"}],"version-history":[{"count":1,"href":"https:\/\/zonaroja.com.mx\/index.php?rest_route=\/wp\/v2\/posts\/7313\/revisions"}],"predecessor-version":[{"id":7316,"href":"https:\/\/zonaroja.com.mx\/index.php?rest_route=\/wp\/v2\/posts\/7313\/revisions\/7316"}],"wp:featuredmedia":[{"embeddable":true,"href":"https:\/\/zonaroja.com.mx\/index.php?rest_route=\/wp\/v2\/media\/7314"}],"wp:attachment":[{"href":"https:\/\/zonaroja.com.mx\/index.php?rest_route=%2Fwp%2Fv2%2Fmedia&parent=7313"}],"wp:term":[{"taxonomy":"category","embeddable":true,"href":"https:\/\/zonaroja.com.mx\/index.php?rest_route=%2Fwp%2Fv2%2Fcategories&post=7313"},{"taxonomy":"post_tag","embeddable":true,"href":"https:\/\/zonaroja.com.mx\/index.php?rest_route=%2Fwp%2Fv2%2Ftags&post=7313"}],"curies":[{"name":"wp","href":"https:\/\/api.w.org\/{rel}","templated":true}]}}