{"id":73133,"date":"2024-10-05T10:45:00","date_gmt":"2024-10-05T16:45:00","guid":{"rendered":"https:\/\/zonaroja.com.mx\/?p=73133"},"modified":"2024-10-05T07:46:36","modified_gmt":"2024-10-05T13:46:36","slug":"designa-la-sedena-nuevo-comandante-de-la-viii-region-en-oaxaca","status":"publish","type":"post","link":"https:\/\/zonaroja.com.mx\/?p=73133","title":{"rendered":"Designa la Sedena nuevo comandante de la VIII Regi\u00f3n en Oaxaca"},"content":{"rendered":"\n<p>Raymundo Morales\/Zona Roja.<\/p>\n\n\n\n<p>Oaxaca de Ju\u00e1rez, Oax., a 5 de octubre de 2024.- La Secretar\u00eda de la Defensa Nacional (Sedena) design\u00f3 al General Gabriel Garc\u00eda Rinc\u00f3n como nuevo comandante de la VIII Regi\u00f3n Militar, con sede en Santa Mar\u00eda Ixcotel, Oaxaca.<\/p>\n\n\n\n<p>La ceremonia de toma de posesi\u00f3n y protesta de Bandera se efectu\u00f3 ayer por la tarde en las instalaciones de la Base A\u00e9rea Militar n\u00famero 15, en San Juan Bautista La Raya, Xoxocotl\u00e1n, con la presencia del comandante del Ej\u00e9rcito Mexicano, General Norberto Cort\u00e9s Rodr\u00edguez.<\/p>\n\n\n\n<p>Acudi\u00f3 tambi\u00e9n el titular del Ejecutivo estatal, Salom\u00f3n Jara Cruz, quien recalc\u00f3 su compromiso de trabajar de manera coordinada con la Sedena y sus nuevos mandos, con la finalidad de reforzar las estrategias de seguridad p\u00fablica.<\/p>\n\n\n\n<p>El nuevo mando es General de Divisi\u00f3n Diplomado de Estado Mayor originario de Chietla, Puebla, e ingreso al Ej\u00e9rcito Mexicano en el a\u00f1o 1976 como cadete del Heroico Colegio Militar.<\/p>\n\n\n\n<p>Cuenta con la Licenciatura en Administraci\u00f3n Militar y cursos de mando y de Estado Mayor en la Escuela Superior de Guerra; asimismo, una maestr\u00eda en Administraci\u00f3n Militar para la Seguridad y Defensa Nacionales, y ora especialidad en Estudios Estrat\u00e9gicos.<\/p>\n\n\n\n<p>Ha desempe\u00f1ado tambi\u00e9n diversos cargos diplom\u00e1ticos, entre ellos agregado Militar y A\u00e9reo Adjunto en la Embajada de M\u00e9xico en los Estados Unidos de Norteam\u00e9rica.<\/p>\n\n\n\n<p>Entre otros cargos, ha sudo comandante en zonas militares de Baja California y Quintana Roo, as\u00ed como de la regi\u00f3n militar en Mexicali. Adem\u00e1s, inspector y contralor general del Ej\u00e9rcito y Fuerza A\u00e9rea, Oficial Mayor de la Sedena y subsecretario de la Defensa Nacional.<\/p>\n\n\n\n<p>A la acto protocolario acudieron tambi\u00e9n titulares de los poderes Legislativo y Judicial, Samuel Gurri\u00f3n y Berenice Ram\u00edrez, as\u00ed como los presidentes municipales de Oaxaca de Ju\u00e1rez, Francisco Mart\u00ednez Neri; de Santa Cruz Xoxocotl\u00e1n, Inocente Castellanos, y de Santa Luc\u00eda del Camino, Juan Carlos Garc\u00eda M\u00e1rquez, entre otros.<\/p>\n","protected":false},"excerpt":{"rendered":"<p>Raymundo Morales\/Zona Roja. Oaxaca de Ju\u00e1rez, Oax., a 5 de octubre de 2024.- La Secretar\u00eda&hellip;<\/p>\n","protected":false},"author":2,"featured_media":73134,"comment_status":"closed","ping_status":"open","sticky":false,"template":"","format":"standard","meta":{"_lmt_disableupdate":"","_lmt_disable":"","_jetpack_memberships_contains_paid_content":false,"footnotes":""},"categories":[109,46],"tags":[4080,709],"class_list":["post-73133","post","type-post","status-publish","format-standard","has-post-thumbnail","hentry","category-minuto-a-minuto","category-zona-blanca","tag-general-gabriel-garcia-rincon","tag-viii-region-militar-sedena"],"jetpack_featured_media_url":"https:\/\/zonaroja.com.mx\/wp-content\/uploads\/2024\/10\/General-Gabriel-Garcia-Rincon.jpg","jetpack_sharing_enabled":true,"_links":{"self":[{"href":"https:\/\/zonaroja.com.mx\/index.php?rest_route=\/wp\/v2\/posts\/73133","targetHints":{"allow":["GET"]}}],"collection":[{"href":"https:\/\/zonaroja.com.mx\/index.php?rest_route=\/wp\/v2\/posts"}],"about":[{"href":"https:\/\/zonaroja.com.mx\/index.php?rest_route=\/wp\/v2\/types\/post"}],"author":[{"embeddable":true,"href":"https:\/\/zonaroja.com.mx\/index.php?rest_route=\/wp\/v2\/users\/2"}],"replies":[{"embeddable":true,"href":"https:\/\/zonaroja.com.mx\/index.php?rest_route=%2Fwp%2Fv2%2Fcomments&post=73133"}],"version-history":[{"count":1,"href":"https:\/\/zonaroja.com.mx\/index.php?rest_route=\/wp\/v2\/posts\/73133\/revisions"}],"predecessor-version":[{"id":73135,"href":"https:\/\/zonaroja.com.mx\/index.php?rest_route=\/wp\/v2\/posts\/73133\/revisions\/73135"}],"wp:featuredmedia":[{"embeddable":true,"href":"https:\/\/zonaroja.com.mx\/index.php?rest_route=\/wp\/v2\/media\/73134"}],"wp:attachment":[{"href":"https:\/\/zonaroja.com.mx\/index.php?rest_route=%2Fwp%2Fv2%2Fmedia&parent=73133"}],"wp:term":[{"taxonomy":"category","embeddable":true,"href":"https:\/\/zonaroja.com.mx\/index.php?rest_route=%2Fwp%2Fv2%2Fcategories&post=73133"},{"taxonomy":"post_tag","embeddable":true,"href":"https:\/\/zonaroja.com.mx\/index.php?rest_route=%2Fwp%2Fv2%2Ftags&post=73133"}],"curies":[{"name":"wp","href":"https:\/\/api.w.org\/{rel}","templated":true}]}}