{"id":73146,"date":"2024-10-05T18:52:59","date_gmt":"2024-10-06T00:52:59","guid":{"rendered":"https:\/\/zonaroja.com.mx\/?p=73146"},"modified":"2024-10-05T18:52:59","modified_gmt":"2024-10-06T00:52:59","slug":"aprueba-congreso-de-oaxaca-ley-de-las-juventudes-del-estado","status":"publish","type":"post","link":"https:\/\/zonaroja.com.mx\/?p=73146","title":{"rendered":"Aprueba Congreso de Oaxaca Ley de las Juventudes del Estado&nbsp;"},"content":{"rendered":"\n<p class=\"MsoNormal\">Redacci\u00f3n\/Zona Roja &nbsp;<\/p>\n\n\n\n<p class=\"MsoNormal\">Oaxaca de Ju\u00e1rez, Oax. 4 de octubre de 2024.- Con 40 votos a favor, el Pleno de la 65 Legislatura local aprob\u00f3 la creaci\u00f3n de la Ley de las Juventudes del Estado de Oaxaca, conformada por 140 art\u00edculos y nueve t\u00edtulos, donde se resaltan los derechos y obligaciones que tiene este sector de la poblaci\u00f3n.<\/p>\n\n\n\n<p class=\"MsoNormal\">Esta ley tiene seis objetivos, entre los cuales destacan el lograr el reconocimiento, promoci\u00f3n, protecci\u00f3n, respeto y garant\u00eda de la dignidad humana, los derechos humanos, las libertades fundamentales, la perspectiva de juventudes y el principio del inter\u00e9s superior de las personas j\u00f3venes que habitan y transitan en Oaxaca.<\/p>\n\n\n\n<p class=\"MsoNormal\">Se establece que los j\u00f3venes tienen el derecho a la igualdad formal ante la ley y a la material entre las personas, a una protecci\u00f3n legal sin discriminaci\u00f3n alguna.&nbsp;<\/p>\n\n\n\n<p class=\"MsoNormal\">Asimismo, impulsa pol\u00edticas p\u00fablicas que ayuden al desarrollo personal, social y econ\u00f3mico de las personas j\u00f3venes mediante el est\u00edmulo a su productividad y emprendimiento, promoviendo su ingreso al mercado, al \u00e1mbito empresarial y a la econom\u00eda regional, consider\u00e1ndolos como actores fundamentales para el desarrollo presente y futuro del estado.<\/p>\n\n\n\n<p class=\"MsoNormal\">El diputado Sesul Bola\u00f1os L\u00f3pez, quien propuso esta nueva norma, inform\u00f3 que para la creaci\u00f3n de \u00e9sta se realiz\u00f3 un parlamento abierto con la participaci\u00f3n de mil 200 j\u00f3venes pertenecientes a 16 etnias&nbsp;de las ocho&nbsp;regiones y el pueblo afromexicano.&nbsp;<\/p>\n\n\n\n<p class=\"MsoNormal\">\u201cEs momento de seguir promoviendo, respetando, protegiendo y garantizando los derechos humanos y las libertades fundamentales de las juventudes de nuestro estado, es momento de brindarles un nuevo marco jur\u00eddico\u201d, expres\u00f3 en tribuna.<\/p>\n\n\n\n<p class=\"MsoNormal\">Con esta nueva ley que entrar\u00e1 en vigor al d\u00eda siguiente de su publicaci\u00f3n en el Peri\u00f3dico Oficial del Estado de Oaxaca, se abrogan la Ley de las Personas J\u00f3venes del Estado, publicada en el a\u00f1o 2016; y la Ley de Promoci\u00f3n e Impulso a la Juventud Emprendedora del Estado, de 2013.&nbsp;<\/p>\n\n\n\n<p class=\"MsoNormal\">Al igual que se deroga la fracci\u00f3n VI del art\u00edculo 7 y el cap\u00edtulo X del Premio Estatal de la Juventud y los art\u00edculos del 60 al 63 de la Ley Estatal de Premios.&nbsp;<\/p>\n\n\n\n<p><\/p>\n","protected":false},"excerpt":{"rendered":"<p>Redacci\u00f3n\/Zona Roja &nbsp; Oaxaca de Ju\u00e1rez, Oax. 4 de octubre de 2024.- Con 40 votos&hellip;<\/p>\n","protected":false},"author":2,"featured_media":70049,"comment_status":"closed","ping_status":"open","sticky":false,"template":"","format":"standard","meta":{"_lmt_disableupdate":"","_lmt_disable":"","_jetpack_memberships_contains_paid_content":false,"footnotes":""},"categories":[1,46],"tags":[],"class_list":["post-73146","post","type-post","status-publish","format-standard","has-post-thumbnail","hentry","category-sin-categoria","category-zona-blanca"],"jetpack_featured_media_url":"https:\/\/zonaroja.com.mx\/wp-content\/uploads\/2024\/07\/Sesion-Congreso.jpg","jetpack_sharing_enabled":true,"_links":{"self":[{"href":"https:\/\/zonaroja.com.mx\/index.php?rest_route=\/wp\/v2\/posts\/73146","targetHints":{"allow":["GET"]}}],"collection":[{"href":"https:\/\/zonaroja.com.mx\/index.php?rest_route=\/wp\/v2\/posts"}],"about":[{"href":"https:\/\/zonaroja.com.mx\/index.php?rest_route=\/wp\/v2\/types\/post"}],"author":[{"embeddable":true,"href":"https:\/\/zonaroja.com.mx\/index.php?rest_route=\/wp\/v2\/users\/2"}],"replies":[{"embeddable":true,"href":"https:\/\/zonaroja.com.mx\/index.php?rest_route=%2Fwp%2Fv2%2Fcomments&post=73146"}],"version-history":[{"count":1,"href":"https:\/\/zonaroja.com.mx\/index.php?rest_route=\/wp\/v2\/posts\/73146\/revisions"}],"predecessor-version":[{"id":73147,"href":"https:\/\/zonaroja.com.mx\/index.php?rest_route=\/wp\/v2\/posts\/73146\/revisions\/73147"}],"wp:featuredmedia":[{"embeddable":true,"href":"https:\/\/zonaroja.com.mx\/index.php?rest_route=\/wp\/v2\/media\/70049"}],"wp:attachment":[{"href":"https:\/\/zonaroja.com.mx\/index.php?rest_route=%2Fwp%2Fv2%2Fmedia&parent=73146"}],"wp:term":[{"taxonomy":"category","embeddable":true,"href":"https:\/\/zonaroja.com.mx\/index.php?rest_route=%2Fwp%2Fv2%2Fcategories&post=73146"},{"taxonomy":"post_tag","embeddable":true,"href":"https:\/\/zonaroja.com.mx\/index.php?rest_route=%2Fwp%2Fv2%2Ftags&post=73146"}],"curies":[{"name":"wp","href":"https:\/\/api.w.org\/{rel}","templated":true}]}}