{"id":73155,"date":"2024-10-06T07:54:00","date_gmt":"2024-10-06T13:54:00","guid":{"rendered":"https:\/\/zonaroja.com.mx\/?p=73155"},"modified":"2024-10-06T06:55:53","modified_gmt":"2024-10-06T12:55:53","slug":"lista-oaxaca-para-recibir-la-edicion-37-de-la-carrera-panamericana","status":"publish","type":"post","link":"https:\/\/zonaroja.com.mx\/?p=73155","title":{"rendered":"Lista Oaxaca, para recibir la edici\u00f3n 37 de la Carrera Panamericana"},"content":{"rendered":"\n<p>Redacci\u00f3n\/Zona Roja.<\/p>\n\n\n\n<p>Oaxaca de Ju\u00e1rez, Oax., a 6 de octubre de 2024.- La Carrera Panamericana, uno de los eventos de automovilismo m\u00e1s destacados de la Rep\u00fablica Mexicana, arrancar\u00e1 en la ciudad de Oaxaca el pr\u00f3ximo 11 de octubre.<\/p>\n\n\n\n<p>\u201cEsperamos con emoci\u00f3n la 37edici\u00f3n de la justa, se\u00f1al\u00f3 la titular de la Secretar\u00eda de Turismo (Sectur) de Oaxaca, Saymi Pineda Velasco, al dar a conocer que todo se encuentra listo para esta competencia.<\/p>\n\n\n\n<p>En la reciente conferencia de prensa realizada en la capital, la funcionaria se\u00f1al\u00f3 que adem\u00e1s habr\u00e1 una exhibici\u00f3n de autos en el Centro Cultural y de Convenciones, en Santa Luc\u00eda del Camino, la cual se realizar\u00e1 los d\u00edas 8 y 9 de octubre, y frente al templo de Santo Domingo el 10 de octubre.<\/p>\n\n\n\n<p>Pineda Velasco destac\u00f3 que traer eventos de tal envergadura a Oaxaca es el resultado de un trabajo conjunto entre diversos sectores, adem\u00e1s de la visi\u00f3n del Gobernador del Estado, Salom\u00f3n Jara Cruz, de hacer del turismo un motor de bienestar.<\/p>\n\n\n\n<p>La funcionaria tambi\u00e9n se\u00f1al\u00f3 que la Carrera Panamericana traer\u00e1 emoci\u00f3n y desarrollo a Oaxaca, que ya est\u00e1 lista para recibir a turistas de todo el mundo.<\/p>\n\n\n\n<p>Del 11 al 17 de octubre, M\u00e9xico vibrar\u00e1 una vez m\u00e1s con la celebraci\u00f3n de la edici\u00f3n n\u00famero 37 de La Carrera Panamericana, un encuentro que combina la emoci\u00f3n del deporte motor con la riqueza tur\u00edstica y cultural de nuestro pa\u00eds y que tendr\u00e1 un recorrido de m\u00e1s de tres mil 350 kil\u00f3metros a trav\u00e9s de Oaxaca, Veracruz, Ciudad de M\u00e9xico, Quer\u00e9taro, Michoac\u00e1n, Guanajuato, Aguascalientes y San Luis Potos\u00ed.<\/p>\n\n\n\n<p>Considerada una de las competiciones de tipo rally en carretera m\u00e1s importantes a nivel internacional, la Panamericana es famosa por ser una de las carreras m\u00e1s desafiantes y emocionantes, donde los pilotos ponen a prueba sus habilidades y destrezas al volante en m\u00e1s de 575 kil\u00f3metros a m\u00e1xima velocidad, divididos en tramos cronometrados.<\/p>\n\n\n\n<p>EL DATO<\/p>\n\n\n\n<p>* Este a\u00f1o se celebra la edici\u00f3n 37 del 11 al 17 de octubre.<\/p>\n\n\n\n<p>* Recorre 8 entidades durante 7 d\u00edas intensos de competici\u00f3n.<\/p>\n\n\n\n<p>* Participan cerca de 60 veh\u00edculos de carrera y 20 m\u00e1s de la categor\u00eda Sport and Classic Tour.<\/p>\n\n\n\n<p>* El recorrido comprende m\u00e1s de 3,350 kil\u00f3metros de longitud, de los cuales cerca de 575 kil\u00f3metros son tramos cronometrados a m\u00e1xima velocidad.<\/p>\n\n\n\n<p>* La carrera regresa a Oaxaca como punto de arranque.<\/p>\n\n\n\n<p>* Por primera vez la capital de San Luis Potos\u00ed ser\u00e1 la meta final del encuentro automovil\u00edstico.<\/p>\n\n\n\n<p>* Esta carrera fue creada en 1950 como una forma de promocionar la reci\u00e9n inaugurada carretera Panamericana, que recorr\u00eda el pa\u00eds desde la frontera con Estados Unidos hasta Guatemala.<\/p>\n\n\n\n<p>* La competencia original se celebr\u00f3 entre 1950 y 1954, y se reanud\u00f3 en 1988 como un evento de rally hist\u00f3rico.<\/p>\n\n\n\n<p>* En la actualidad, es considerado el evento de velocidad tipo rally en carretera, m\u00e1s importante y de mayor recorrido en el mundo.<\/p>\n","protected":false},"excerpt":{"rendered":"<p>Redacci\u00f3n\/Zona Roja. Oaxaca de Ju\u00e1rez, Oax., a 6 de octubre de 2024.- La Carrera Panamericana,&hellip;<\/p>\n","protected":false},"author":2,"featured_media":73156,"comment_status":"closed","ping_status":"open","sticky":false,"template":"","format":"standard","meta":{"_lmt_disableupdate":"","_lmt_disable":"","_jetpack_memberships_contains_paid_content":false,"footnotes":""},"categories":[109,46],"tags":[4082,2714],"class_list":["post-73155","post","type-post","status-publish","format-standard","has-post-thumbnail","hentry","category-minuto-a-minuto","category-zona-blanca","tag-carrera-panamericana","tag-saymi-pineda-velasco"],"jetpack_featured_media_url":"https:\/\/zonaroja.com.mx\/wp-content\/uploads\/2024\/10\/Carrera-Panamericana.jpg","jetpack_sharing_enabled":true,"_links":{"self":[{"href":"https:\/\/zonaroja.com.mx\/index.php?rest_route=\/wp\/v2\/posts\/73155","targetHints":{"allow":["GET"]}}],"collection":[{"href":"https:\/\/zonaroja.com.mx\/index.php?rest_route=\/wp\/v2\/posts"}],"about":[{"href":"https:\/\/zonaroja.com.mx\/index.php?rest_route=\/wp\/v2\/types\/post"}],"author":[{"embeddable":true,"href":"https:\/\/zonaroja.com.mx\/index.php?rest_route=\/wp\/v2\/users\/2"}],"replies":[{"embeddable":true,"href":"https:\/\/zonaroja.com.mx\/index.php?rest_route=%2Fwp%2Fv2%2Fcomments&post=73155"}],"version-history":[{"count":1,"href":"https:\/\/zonaroja.com.mx\/index.php?rest_route=\/wp\/v2\/posts\/73155\/revisions"}],"predecessor-version":[{"id":73157,"href":"https:\/\/zonaroja.com.mx\/index.php?rest_route=\/wp\/v2\/posts\/73155\/revisions\/73157"}],"wp:featuredmedia":[{"embeddable":true,"href":"https:\/\/zonaroja.com.mx\/index.php?rest_route=\/wp\/v2\/media\/73156"}],"wp:attachment":[{"href":"https:\/\/zonaroja.com.mx\/index.php?rest_route=%2Fwp%2Fv2%2Fmedia&parent=73155"}],"wp:term":[{"taxonomy":"category","embeddable":true,"href":"https:\/\/zonaroja.com.mx\/index.php?rest_route=%2Fwp%2Fv2%2Fcategories&post=73155"},{"taxonomy":"post_tag","embeddable":true,"href":"https:\/\/zonaroja.com.mx\/index.php?rest_route=%2Fwp%2Fv2%2Ftags&post=73155"}],"curies":[{"name":"wp","href":"https:\/\/api.w.org\/{rel}","templated":true}]}}