{"id":73160,"date":"2024-10-06T08:58:00","date_gmt":"2024-10-06T14:58:00","guid":{"rendered":"https:\/\/zonaroja.com.mx\/?p=73160"},"modified":"2024-10-06T07:17:30","modified_gmt":"2024-10-06T13:17:30","slug":"fallece-presidenta-de-la-mesa-directiva-de-la-camara-de-diputados-de-mexico","status":"publish","type":"post","link":"https:\/\/zonaroja.com.mx\/?p=73160","title":{"rendered":"Fallece presidenta de la Mesa Directiva de la C\u00e1mara de Diputados de M\u00e9xico"},"content":{"rendered":"\n<p>Redacci\u00f3n\/Zona Roja Cdmx.<\/p>\n\n\n\n<p>Ciudad de M\u00e9xico, a 6 de octubre de 2024.- La presidenta de la Mesa Directiva de la C\u00e1mara de Diputados, Ifigenia Mart\u00ednez y Hern\u00e1ndez falleci\u00f3 este 5 de octubre a la edad de 94, dejando un legado muy importante en la contribuci\u00f3n para la consolidaci\u00f3n de la izquierda y la democracia en M\u00e9xico.<\/p>\n\n\n\n<p>Cofundadora y exdirigente del Partido de la Revoluci\u00f3n Democr\u00e1tica (PRD), cinco veces diputada, embajadora, catedr\u00e1tica y senadora de la Rep\u00fablica, esta es la vida y trayectoria de Ifigenia Mart\u00ednez, \u00abla maestra\u00bb que junto con otros l\u00edderes de izquierda, cambiaron la configuraci\u00f3n pol\u00edtica del pa\u00eds.<\/p>\n\n\n\n<p>Ifigenia Mart\u00ednez naci\u00f3 el 16 de junio de 1930 en el entonces Distrito Federal. Se gradu\u00f3 de la Facultad de Econom\u00eda de la Universidad Nacional Aut\u00f3noma de M\u00e9xico (UNAM) y posteriormente, ya como catedr\u00e1tica de su alma m\u00e1ter, fue part\u00edcipe del Movimiento Estudiantil de 1968.<\/p>\n\n\n\n<p>Mart\u00ednez fue directora de la Escuela Nacional de Econom\u00eda en la UNAM, y en1949 se convirti\u00f3 en la primera mexicana en obtener una maestr\u00eda en Econom\u00eda por la Universidad Harvard. En 2013 curs\u00f3 un doctorado en Econom\u00eda en la misma casa de estudios.<\/p>\n\n\n\n<p>En sus a\u00f1os como docente, Mart\u00ednez y Hern\u00e1ndez tambi\u00e9n imparti\u00f3 clases en el Centro de Estudios Monetarios Latinoamericanos, adem\u00e1s de ser investigadora en el Instituto de Investigaciones Econ\u00f3micas de la UNAM.<\/p>\n\n\n\n<p>DESTACADA POL\u00cdTICA<\/p>\n\n\n\n<p>Si bien el Movimiento Estudiantil del 68 fue parteaguas para la carrera pol\u00edtica de Ifigenia Mart\u00ednez, lo cierto es que ya llevaba un par de a\u00f1os trabajando en este \u00e1mbito, lo que la llev\u00f3 a convertirse en una de las primeras mujeres en alcanzar posiciones de alta responsabilidad en la administraci\u00f3n p\u00fablica federal a temprana edad.<\/p>\n\n\n\n<p>En 1966 encabez\u00f3 la jefatura de Asesor\u00eda Econ\u00f3mica de la Presidencia de la Rep\u00fablica. Antes fue asesora de Jaime Torres Bodet cuando este era secretario de Educaci\u00f3n P\u00fablica, y coordinadora de asesores del entonces titular de la Secretar\u00eda de Hacienda (SHCP), Antonio Ortiz Mena.<\/p>\n\n\n\n<p>Para 1972 ya era directora de Programaci\u00f3n y Descentralizaci\u00f3n Administrativa de la SHCP; en 1974 fue nombrada subdirectora general de finanzas del Fondo Nacional de Fomento Ejidal (Fonafe); y en 1980 se le design\u00f3 como embajadora y representante alterna de M\u00e9xico en Nueva York ante la Organizaci\u00f3n de las Naciones Unidas (ONU).<\/p>\n\n\n\n<p>Hace 71 a\u00f1os tambi\u00e9n fue cofundadora de la Comisi\u00f3n Econ\u00f3mica para Am\u00e9rica Latina y el Caribe (CEPAL).<\/p>\n\n\n\n<p>La trayectoria legislativa de Ifigenia Mart\u00ednez inici\u00f3 en 1976, cuando, de la mano del Partido Revolucionario Institucional (PRI), fue electa como diputada federal y encabez\u00f3 la Comisi\u00f3n de Presupuesto.<\/p>\n\n\n\n<p>En 1988 lleg\u00f3 al Senado de la Rep\u00fablica, donde fue vicepresidenta de la Mesa Directiva; en 1994 volvi\u00f3 a ocupar una curul en la C\u00e1mara de Diputados, igual en el 2009. Mientras que en el 2016 fue diputada de la Asamblea Constituyente de la Ciudad de M\u00e9xico, siendo parte de uno de los procesos de transformaci\u00f3n m\u00e1s importantes para la capital del pa\u00eds.<\/p>\n\n\n\n<figure class=\"wp-block-image size-full\"><img decoding=\"async\" width=\"800\" height=\"551\" src=\"https:\/\/zonaroja.com.mx\/wp-content\/uploads\/2024\/10\/Ifigenia-Martinez.jpeg\" alt=\"\" class=\"wp-image-73161\" srcset=\"https:\/\/zonaroja.com.mx\/wp-content\/uploads\/2024\/10\/Ifigenia-Martinez.jpeg 800w, https:\/\/zonaroja.com.mx\/wp-content\/uploads\/2024\/10\/Ifigenia-Martinez-300x207.jpeg 300w, https:\/\/zonaroja.com.mx\/wp-content\/uploads\/2024\/10\/Ifigenia-Martinez-768x529.jpeg 768w, https:\/\/zonaroja.com.mx\/wp-content\/uploads\/2024\/10\/Ifigenia-Martinez-585x403.jpeg 585w\" sizes=\"(max-width: 800px) 100vw, 800px\" \/><\/figure>\n\n\n\n<p>FUNDACI\u00d3N DEL PRD<\/p>\n\n\n\n<p>Como varios pol\u00edticos, Ifigenia Mart\u00ednez form\u00f3 parte del PRI, partido al que renunci\u00f3 en 1988 luego de varios roces y cr\u00edticas por las decisiones del Ejecutivo federal en turno y del instituto pol\u00edtico.<\/p>\n\n\n\n<p>Ese mismo a\u00f1o encabez\u00f3 junto con Cuauht\u00e9moc C\u00e1rdenas y Porfirio Mu\u00f1oz Ledo la Corriente Democr\u00e1tica, la cual dio paso a la fundaci\u00f3n, en 1989, del PRD, con ideolog\u00eda de izquierda. Y eso, a su vez, llev\u00f3 a Ifigenia Mart\u00ednez a ser la primera senadora electa en el DF representando a un partido de oposici\u00f3n.<\/p>\n\n\n\n<p>Dentro del PRD, Ifigenia Mart\u00ednez ocup\u00f3 diversos cargos como secretaria general; coordinadora en varios asuntos; asesora de los equipos de transici\u00f3n en la primera jefatura de Gobierno que gan\u00f3 el partido; directora del Instituto Nacional de Formaci\u00f3n Pol\u00edtica; secretaria de finanzas y de asuntos parlamentarios; y vicepresidenta, entre otros.<\/p>\n\n\n\n<p>En el 2000 compiti\u00f3 para ser la candidata del PRD para la Jefatura de Gobierno del Distrito Federal; sin embargo, la contienda interna se la llev\u00f3 Andr\u00e9s Manuel L\u00f3pez Obrador, quien tambi\u00e9n gan\u00f3 las elecciones.<\/p>\n\n\n\n<p>La relaci\u00f3n entre Ifigenia Mart\u00ednez y el entonces Presidente de la Rep\u00fablica trascendi\u00f3, pues la pol\u00edtica se encarg\u00f3 de la coordinaci\u00f3n en materia econ\u00f3mica durante las campa\u00f1as presidenciales de L\u00f3pez Obrador.<\/p>\n\n\n\n<p>Adi\u00f3s al PRD<\/p>\n\n\n\n<p>En junio de 2018, antes de las elecciones presidenciales, Ifigenia Mart\u00ednez volvi\u00f3 a cambiar de partido. Present\u00f3 su renuncia al PRD tras 29 a\u00f1os de militancia para unirse a las filas de Morena, instituto pol\u00edtico fundado por L\u00f3pez Obrador en 2014.<\/p>\n\n\n\n<p>Si bien Mart\u00ednez y Hern\u00e1ndez era aliada de L\u00f3pez Obrador, hab\u00eda decidido conservar su militancia en el PRD. Pero las cosas cambiaron en 2018, cuando este partido hizo una alianza con el Acci\u00f3n Nacional (PAN) para apoyar la candidatura presidencial de Ricardo Anaya.<\/p>\n\n\n\n<p>\u00abLamento reconocer que el partido que en 1989 fundamos hombres y mujeres comprometidos con los valores hist\u00f3ricos de una izquierda democr\u00e1tica y progresista, hoy se encuentre, en mi opini\u00f3n, en el espectro de un partido consecuente con principios conservadores\u00bb, expres\u00f3 Mart\u00ednez en una carta en la que confirm\u00f3 su renuncia.<\/p>\n\n\n\n<p>Sin embargo, a\u00fan antes de su salida del PRD, Ifigenia Mart\u00ednez ya era candidata de Morena para el Senado de la Rep\u00fablica por la v\u00eda plurinominal. Tras las elecciones, se convirti\u00f3 en la legisladora m\u00e1s longeva del Congreso de la Uni\u00f3n.<\/p>\n\n\n\n<p>MEDALLA BELISARIO<\/p>\n\n\n\n<p>El 7 de octubre de 2021, el Senado de la Rep\u00fablica reconoci\u00f3 a Ifigenia Mart\u00ednez con la Medalla Belisario Dom\u00ednguez \u2014el m\u00e1ximo galard\u00f3n del Congreso\u2014 por su trayectoria y contribuci\u00f3n a la democracia del pa\u00eds.<\/p>\n\n\n\n<p>En presencia de amigos, familiares y compa\u00f1eros, como Porfirio Mu\u00f1oz Ledo, Ifigenia Mart\u00ednez ofreci\u00f3 un emotivo mensaje en el que llam\u00f3 a la unidad y a consolidar un Consejo Econ\u00f3mico y Social, as\u00ed como establecer un sistema progresivo de impuestos, con una distribuci\u00f3n federalista, y un \u00abImpuesto a la riqueza e ingresos personales excesivos\u201d.<\/p>\n\n\n\n<p>El presidente L\u00f3pez Obrador se ausent\u00f3 de la ceremonia, pero a trav\u00e9s de una carta que le envi\u00f3 extern\u00f3 sus felicitaciones y se disculp\u00f3 por no acudir.<\/p>\n\n\n\n<p>Toda su trayectoria la convierte en un referente para las mujeres mexicanas, por ello, en su honor se inaugur\u00f3 en 2013 la Casa de las Mujeres &#8216;Ifigenia Mart\u00ednez&#8217; en la alcand\u00eda Coyoac\u00e1n, en la que se instituy\u00f3 la primera biblioteca de g\u00e9nero en la capital del pa\u00eds.<\/p>\n\n\n\n<p>\u00daLTIMO ACTO<\/p>\n\n\n\n<p>Ifigenia Mart\u00ednez, fue una figura muy simb\u00f3lica hace unos d\u00edas en la Ceremonia de Toma de Protesta de la presidenta Claudia Sheinbaum, pues como presidenta de la Mesa Directiva de la C\u00e1mara de Diputados, le toc\u00f3 trasmitir la Banda Presidencial de Andr\u00e9s Manuel L\u00f3pez Obrador a la Sheinbaum.<\/p>\n\n\n\n<p>Durante la ceremonia dict\u00f3 un discurso donde enaltece la lucha de las mujeres por alcanzar la igualdad pol\u00edtica frente a los hombres.<\/p>\n\n\n\n<p>\u00abHoy nos encontramos aqu\u00ed, en este recinto solemne de la democracia mexicana, como testigos de un momento que marca un antes y un despu\u00e9s en nuestra historia: la Toma de Protesta de la Doctora Claudia Sheinbaum Pardo como la primera mujer Presidenta de M\u00e9xico.<\/p>\n\n\n\n<p>\u00abSu llegada a la Presidencia es la culminaci\u00f3n de una lucha que hemos atravesado generaciones enteras de mujeres, quienes con valent\u00eda desafiamos los l\u00edmites de nuestros tiempos. Hoy, junto con ella, llegamos todas y abrimos paso a una nueva era. Yo misma, que he recorrido tantas batallas por la democracia y la justicia, me siento profundamente honrada de presenciar este triunfo hist\u00f3rico\u00bb, se\u00f1al\u00f3 la maestra.<\/p>\n\n\n\n<p>(Informaci\u00f3n de \u201cExpansi\u00f3n Pol\u00edtica\u201d)<\/p>\n","protected":false},"excerpt":{"rendered":"<p>Redacci\u00f3n\/Zona Roja Cdmx. Ciudad de M\u00e9xico, a 6 de octubre de 2024.- La presidenta de&hellip;<\/p>\n","protected":false},"author":2,"featured_media":73162,"comment_status":"closed","ping_status":"open","sticky":false,"template":"","format":"standard","meta":{"_lmt_disableupdate":"","_lmt_disable":"","_jetpack_memberships_contains_paid_content":false,"footnotes":""},"categories":[109,47],"tags":[4083],"class_list":["post-73160","post","type-post","status-publish","format-standard","has-post-thumbnail","hentry","category-minuto-a-minuto","category-zona-gris","tag-ifigenia-martinez-y-hernandez"],"jetpack_featured_media_url":"https:\/\/zonaroja.com.mx\/wp-content\/uploads\/2024\/10\/Ifigenia-Martinez-y-Claudia-Sheinbaum.jpg","jetpack_sharing_enabled":true,"_links":{"self":[{"href":"https:\/\/zonaroja.com.mx\/index.php?rest_route=\/wp\/v2\/posts\/73160","targetHints":{"allow":["GET"]}}],"collection":[{"href":"https:\/\/zonaroja.com.mx\/index.php?rest_route=\/wp\/v2\/posts"}],"about":[{"href":"https:\/\/zonaroja.com.mx\/index.php?rest_route=\/wp\/v2\/types\/post"}],"author":[{"embeddable":true,"href":"https:\/\/zonaroja.com.mx\/index.php?rest_route=\/wp\/v2\/users\/2"}],"replies":[{"embeddable":true,"href":"https:\/\/zonaroja.com.mx\/index.php?rest_route=%2Fwp%2Fv2%2Fcomments&post=73160"}],"version-history":[{"count":2,"href":"https:\/\/zonaroja.com.mx\/index.php?rest_route=\/wp\/v2\/posts\/73160\/revisions"}],"predecessor-version":[{"id":73167,"href":"https:\/\/zonaroja.com.mx\/index.php?rest_route=\/wp\/v2\/posts\/73160\/revisions\/73167"}],"wp:featuredmedia":[{"embeddable":true,"href":"https:\/\/zonaroja.com.mx\/index.php?rest_route=\/wp\/v2\/media\/73162"}],"wp:attachment":[{"href":"https:\/\/zonaroja.com.mx\/index.php?rest_route=%2Fwp%2Fv2%2Fmedia&parent=73160"}],"wp:term":[{"taxonomy":"category","embeddable":true,"href":"https:\/\/zonaroja.com.mx\/index.php?rest_route=%2Fwp%2Fv2%2Fcategories&post=73160"},{"taxonomy":"post_tag","embeddable":true,"href":"https:\/\/zonaroja.com.mx\/index.php?rest_route=%2Fwp%2Fv2%2Ftags&post=73160"}],"curies":[{"name":"wp","href":"https:\/\/api.w.org\/{rel}","templated":true}]}}