{"id":73168,"date":"2024-10-06T12:00:00","date_gmt":"2024-10-06T18:00:00","guid":{"rendered":"https:\/\/zonaroja.com.mx\/?p=73168"},"modified":"2024-10-06T07:23:12","modified_gmt":"2024-10-06T13:23:12","slug":"dice-presidenta-municipal-de-san-pedro-teutila-que-la-asaltaron-en-tehuacan","status":"publish","type":"post","link":"https:\/\/zonaroja.com.mx\/?p=73168","title":{"rendered":"Dice presidenta municipal de San Pedro Teutila que la asaltaron en Tehuac\u00e1n"},"content":{"rendered":"\n<p>Redacci\u00f3n\/Zona Roja Cdmx.<\/p>\n\n\n\n<p>Ciudad de M\u00e9xico, a 6 de octubre de 2024.- En una parada t\u00e9cnica al municipio de Tehuac\u00e1n en Puebla, dos delincuentes asaltaron a la presidenta municipal de San Pedro Teutila, Oaxaca, Janeth S\u00e1nchez Barranco, junto con su tesorero.&nbsp;<\/p>\n\n\n\n<p>A ella la golpearon y a \u00e9l le robaron su tel\u00e9fono celular y pertenencias personales.<\/p>\n\n\n\n<p>A trav\u00e9s de un video publicado en las redes sociales, la alcaldesa indic\u00f3 que luego de visitar la Ciudad de M\u00e9xico para realizar gestiones para su municipio, ella y el tesorero municipal realizaron una parada t\u00e9cnica en Tehuac\u00e1n.&nbsp;<\/p>\n\n\n\n<p>En la localidad, ambos acudieron a una sucursal bancaria, ubicada en la avenida Reforma Sur, a realizar un retiro, sin especificar el monto, para efectuar pagos del municipio.&nbsp;<\/p>\n\n\n\n<p>Una vez que realizaron dichas transacciones, S\u00e1nchez Barranco indic\u00f3 que se dirigieron a una farmacia para comprar medicamentos para su comunidad.&nbsp;<\/p>\n\n\n\n<p>No obstante, dos delincuentes los interceptaron cuando iban al estacionamiento, ubicado sobre la calle 1 Sur entre 3 Oriente y 5 Oriente, a unas calles del z\u00f3calo de la ciudad.&nbsp;<\/p>\n\n\n\n<p>Alcaldesa forceje\u00f3 con uno de los delincuentes y evit\u00f3 que se llevara el dinero&nbsp;<\/p>\n\n\n\n<p>Uno de los asaltantes estaba armado y despoj\u00f3 de sus pertenencias al tesorero, mientras que la presidenta municipal de Teutila, Oaxaca logr\u00f3 esconderse detr\u00e1s de una camioneta estacionada en una de las calles de Tehuac\u00e1n.&nbsp;<\/p>\n\n\n\n<p>La alcaldesa afirm\u00f3 que forceje\u00f3 con el otro sujeto quien \u201cpor suerte\u201d no se encontraba armado. Aunque \u00e9ste la golpe\u00f3 en un intento por privarla del dinero que hab\u00edan retirado. Sin embargo, el ladr\u00f3n no logr\u00f3 su cometido.&nbsp;<\/p>\n\n\n\n<p>S\u00e1nchez Barranco dio a conocer que qued\u00f3 lastimada del brazo. Esto como resultado de no soltar su bolsa ni su celular; sin embargo, present\u00f3 una crisis nerviosa por el robo.&nbsp;<\/p>\n\n\n\n<p>Posteriormente, los delincuentes lograron huir con las pertenencias del tesorero municipal. Al lugar llegaron elementos de la Polic\u00eda Municipal y param\u00e9dicos de Protecci\u00f3n Civil. Esto para brindar atenci\u00f3n a los funcionarios.&nbsp;<\/p>\n\n\n\n<p>Despu\u00e9s de ser asaltada en Tehuac\u00e1n, la presidenta municipal de Teutila, Oaxaca, dio a conocer que present\u00f3 la denuncia correspondiente ante la Fiscal\u00eda General del Estado de Puebla.&nbsp;<\/p>\n\n\n\n<p>En la misma publicaci\u00f3n, hizo un llamado a los poblanos y turistas a tomar precauciones al acudir a cualquier banco de Puebla. Debido a que este hecho ocurri\u00f3 a escasos metros del z\u00f3calo de Tehuac\u00e1n.&nbsp;<\/p>\n\n\n\n<p>(Informaci\u00f3n de Peri\u00f3dico Central Puebla\u201d)<\/p>\n","protected":false},"excerpt":{"rendered":"<p>Redacci\u00f3n\/Zona Roja Cdmx. Ciudad de M\u00e9xico, a 6 de octubre de 2024.- En una parada&hellip;<\/p>\n","protected":false},"author":2,"featured_media":73169,"comment_status":"closed","ping_status":"open","sticky":false,"template":"","format":"standard","meta":{"_lmt_disableupdate":"","_lmt_disable":"","_jetpack_memberships_contains_paid_content":false,"footnotes":""},"categories":[109,47],"tags":[4084],"class_list":["post-73168","post","type-post","status-publish","format-standard","has-post-thumbnail","hentry","category-minuto-a-minuto","category-zona-gris","tag-san-pedro-teutila"],"jetpack_featured_media_url":"https:\/\/zonaroja.com.mx\/wp-content\/uploads\/2024\/10\/San-Pedro-Teutila.jpg","jetpack_sharing_enabled":true,"_links":{"self":[{"href":"https:\/\/zonaroja.com.mx\/index.php?rest_route=\/wp\/v2\/posts\/73168","targetHints":{"allow":["GET"]}}],"collection":[{"href":"https:\/\/zonaroja.com.mx\/index.php?rest_route=\/wp\/v2\/posts"}],"about":[{"href":"https:\/\/zonaroja.com.mx\/index.php?rest_route=\/wp\/v2\/types\/post"}],"author":[{"embeddable":true,"href":"https:\/\/zonaroja.com.mx\/index.php?rest_route=\/wp\/v2\/users\/2"}],"replies":[{"embeddable":true,"href":"https:\/\/zonaroja.com.mx\/index.php?rest_route=%2Fwp%2Fv2%2Fcomments&post=73168"}],"version-history":[{"count":1,"href":"https:\/\/zonaroja.com.mx\/index.php?rest_route=\/wp\/v2\/posts\/73168\/revisions"}],"predecessor-version":[{"id":73170,"href":"https:\/\/zonaroja.com.mx\/index.php?rest_route=\/wp\/v2\/posts\/73168\/revisions\/73170"}],"wp:featuredmedia":[{"embeddable":true,"href":"https:\/\/zonaroja.com.mx\/index.php?rest_route=\/wp\/v2\/media\/73169"}],"wp:attachment":[{"href":"https:\/\/zonaroja.com.mx\/index.php?rest_route=%2Fwp%2Fv2%2Fmedia&parent=73168"}],"wp:term":[{"taxonomy":"category","embeddable":true,"href":"https:\/\/zonaroja.com.mx\/index.php?rest_route=%2Fwp%2Fv2%2Fcategories&post=73168"},{"taxonomy":"post_tag","embeddable":true,"href":"https:\/\/zonaroja.com.mx\/index.php?rest_route=%2Fwp%2Fv2%2Ftags&post=73168"}],"curies":[{"name":"wp","href":"https:\/\/api.w.org\/{rel}","templated":true}]}}