{"id":73171,"date":"2024-10-06T13:00:00","date_gmt":"2024-10-06T19:00:00","guid":{"rendered":"https:\/\/zonaroja.com.mx\/?p=73171"},"modified":"2024-10-06T07:24:55","modified_gmt":"2024-10-06T13:24:55","slug":"opinion-la-presidenta","status":"publish","type":"post","link":"https:\/\/zonaroja.com.mx\/?p=73171","title":{"rendered":"Opini\u00f3n. La Presidenta"},"content":{"rendered":"\n<p>Soledad Jarqu\u00edn \u00c9dgar*\/SemM\u00e9xico<\/p>\n\n\n\n<p>Despu\u00e9s de 200 a\u00f1os sucedi\u00f3, es un hecho hist\u00f3rico -como se ha repetido en los \u00faltimos d\u00edas por millones de veces-. Ya lo sabe el mundo, M\u00e9xico tiene una presidenta. <\/p>\n\n\n\n<p>El entusiasmo es tal que he escuchado algunas mujeres decir que lloraron cuando Claudia Sheinbaum Pardo dio su primer discurso. He escuchado tambi\u00e9n las diversas posiciones que existen sobre las 378 palabras -de m\u00e1s de 10 mil que ley\u00f3 en su primer discurso en el Congreso federal- para agradecer al ex presidente; tambi\u00e9n sobre las cr\u00edticas vertidas sobre el comportamiento de los y las diputadas arremolinadas y d\u00e1ndose codazos unas con otras para tomarse la foto, primero con el ex presidente y luego con la nueva presidenta; tambi\u00e9n se cuestion\u00f3 el no saludo de Andr\u00e9s Manuel L\u00f3pez Obrador a la magistrada presidenta de la Suprema Corte de Justicia de la Naci\u00f3n, Norma Pi\u00f1a Hern\u00e1ndez, que lo dibuja hasta el \u00faltimo momento como ha sido descrito: rencoroso. <\/p>\n\n\n\n<p>Lo otro que he le\u00eddo es sobre el beso en la mano a Manuel Velasco y la explicaci\u00f3n de la presidenta, que en lo particular me tiene sorprendida, aunque esto \u00faltimo no le importe a casi nadie.<\/p>\n\n\n\n<p>Hay de todo esto siempre por lo menos dos versiones. Lo primero que he le\u00eddo y escuchado es el incuestionable hecho de tener una primera presidenta y cuando eso ocurr\u00eda, desde los primeros minutos del 1 de octubre por mi cabeza empezaron a pasar los nombres de emblem\u00e1ticas mujeres rescatados por las historiadoras mexicanas y me refiero a las sufragistas mexicanas, que la presidenta omiti\u00f3 nombrar algunas y sin duda fundamentales para que finalmente este pa\u00eds tenga hoy una presidenta. <\/p>\n\n\n\n<p>En los siglos XIX y XX ten\u00edamos otro pa\u00eds y pese a las dificultades ellas salieron para demandar sus derechos pol\u00edticos y \u201ctomar parte en las decisiones de la vida p\u00fablica del pa\u00eds, alejadas de la tutela clerical\u201d.<\/p>\n\n\n\n<p>Sin duda, si el cielo existe, ellas estar\u00edan tan conmovidas como esas otras mujeres que hoy ven realizado el sue\u00f1o, despu\u00e9s de 200 a\u00f1os. Ojo, que esto apenas empieza y que tiene un largo tramo por recorrer. Sheinbaum dice \u201cllegamos todas\u201d, el dicho es simb\u00f3lico m\u00e1s no sustancial. En las primeras d\u00e9cadas del siglo XX, lo advirtieron las comunistas, que se resist\u00edan a formar parte de los grupos sufragistas y demandar todas, el derecho a votar, ser votadas y ser parte de la administraci\u00f3n p\u00fablica, porque aseguraron desde entonces que la pol\u00edtica favorecer\u00eda solo a un sector de mujeres privilegiadas. <\/p>\n\n\n\n<p>Hay un s\u00ed y un no hoy sobre ese asunto. Ten\u00edan raz\u00f3n, ha sido el privilegio de unas cuantas y as\u00ed lo hicieron notar en redes sociales cuando a la frase \u201cllegamos todas\u201d, dijeron \u201cno llegamos todas, llegan las de siempre. Las amigas e hijas de \u00e9lite. Igualito que pasa con los grupos de poder masculinos.\u00a0<\/p>\n\n\n\n<p>Sin embargo, es elemental reconocer en estos a\u00f1os de m\u00e1s de dos mil diputadas federales, 22 gobernadoras, incluyendo a la zacatecana que tomar\u00e1 protesta en Veracruz en diciembre pr\u00f3ximo, y varios cientos de diputadas locales y presidentas municipales, algo o mucho ha cambiado en este pa\u00eds, como el andamiaje legislativo para proteger los derechos de las mujeres. De nosotras, las ciudadanas, depende exigir que no mientan, no roben, como dicen en la 4T.<\/p>\n\n\n\n<p>Sobre el discurso no hay que menospreciar que nombr\u00f3 a ocho mujeres que, desde distintos \u00e1mbitos han contribuido a la construcci\u00f3n del pa\u00eds, y me gust\u00f3, a pesar de lo breve, el nombramiento de una de las hero\u00ednas que m\u00e1s me gustan, Soledad Leona Camila Vicario Fern\u00e1ndez de San Salvador, una como dicen por ah\u00ed, empoderada mujer y muy joven que entreg\u00f3 todo lo que ella ten\u00eda, incluyendo a\u00f1os de paz y tranquilidad, por la causa de la independencia. <\/p>\n\n\n\n<p>Una insurgente, periodista y hasta feminista de su tiempo, que tuvo que ponerle un estatequieto a Lucas Alam\u00e1n, quien equivocadamente pretendi\u00f3 reducir su acci\u00f3n revolucionaria al \u201cimpulso del amor\u201d, adem\u00e1s de nombrar a 11 hombres, todos h\u00e9roes nacionales.<\/p>\n\n\n\n<p>Sheinbaum Pardo habl\u00f3 de hero\u00ednas an\u00f3nimas, por ah\u00ed mencion\u00f3 a las invisibles, un asunto que el feminismo puso sobre la mesa hace mucho tiempo, como el lenguaje incluyente de g\u00e9nero, propuesto en M\u00e9xico durante la I Conferencia Mundial de la Mujer (1975) por activistas canadienses y que a pesar del tiempo transcurrido, hoy tenemos que seguir escuchando la discusi\u00f3n de si se puede o no poner presidenta en lugar de presidente, bueno, gracias por el empuj\u00f3n, para muchas personas el mandato tiene que venir desde arribota.&nbsp;<\/p>\n\n\n\n<p>Sin duda es emotivo escuchar frases feministas en la voz de la primera presidenta mexicana, m\u00e1s all\u00e1 del tiempo de las mujeres y si visi\u00f3n de sacar a la luz a las invisibles, me gustar\u00eda, pero quien soy yo claro, que viera a las invisibles que en fechas emblem\u00e1ticas est\u00e1n afuera del palacio para manifestar que entre las leyes, la disposici\u00f3n de las autoridades y la realidad, hay un trecho amplio que sigue cobrando la vida a las mujeres, desapareci\u00e9ndolas o neg\u00e1ndoles sus derechos, por eso, all\u00e1 afuera de su palacio seguir\u00e1n gritando por sus hijos e hijas las buscadoras, las madres de los feminicidios, provocada por esa pol\u00edtica de no castigar y de perdonar que todo indica seguir\u00e1 ejecutando.&nbsp;<\/p>\n\n\n\n<p>La \u201cigualdad sustantiva\u201d es un sue\u00f1o, que alg\u00fan d\u00eda se tendr\u00e1 que hacer realidad indudablemente, porque algo debe quedar bien claro, los seis a\u00f1os anteriores nos quedaron a deber.&nbsp;<\/p>\n\n\n\n<p>Como lo dice la presidenta Sheinbaum, muchas somos madres y abuelas, ejercemos una profesi\u00f3n y como ella lo hace en la presidencia desde el 1 de octubre, todas nosotras ponemos conocimiento, fuerza, historia personal y la vida misma al servicio de lo que hacemos, en eso estamos iguales, somos muchas, y queremos un pa\u00eds diferente, por eso empujamos desde nuestros sitios de trabajo y lugares donde vivimos, pero ella tiene el poder de los poderes, de ella depende.&nbsp;<\/p>\n\n\n\n<p>\u00bfSer\u00e1 distinto el gobierno de Sheinbaum por ser mujer? se pregunta la gente. Posiblemente no lo sea, la estructura es patriarcal, para lograrlo tendr\u00e1 que romper, salirse de ese camino patriarcal que le ha sido trazado. Lo \u00fanico posible, es que nos vea desde otro lugar, porque ella tiene puestos los mismos zapatos que calzan las mexicanas, desde sus propios obst\u00e1culos y privilegios. Ese resquicio nos abre la esperanza de que podr\u00eda entender la desigualdad y tendr\u00eda el poder de lograr la tan tra\u00edda y llevada igualdad sustantiva. Todo est\u00e1 en sus manos.<\/p>\n\n\n\n<p>*Periodista y activista feminista.<\/p>\n","protected":false},"excerpt":{"rendered":"<p>Soledad Jarqu\u00edn \u00c9dgar*\/SemM\u00e9xico Despu\u00e9s de 200 a\u00f1os sucedi\u00f3, es un hecho hist\u00f3rico -como se ha&hellip;<\/p>\n","protected":false},"author":2,"featured_media":68029,"comment_status":"closed","ping_status":"open","sticky":false,"template":"","format":"standard","meta":{"_lmt_disableupdate":"","_lmt_disable":"","_jetpack_memberships_contains_paid_content":false,"footnotes":""},"categories":[456,109],"tags":[1105],"class_list":["post-73171","post","type-post","status-publish","format-standard","has-post-thumbnail","hentry","category-columna","category-minuto-a-minuto","tag-soledad-jarquin-edgar"],"jetpack_featured_media_url":"https:\/\/zonaroja.com.mx\/wp-content\/uploads\/2024\/05\/Soledad-Jarquin-Edgar.jpg","jetpack_sharing_enabled":true,"_links":{"self":[{"href":"https:\/\/zonaroja.com.mx\/index.php?rest_route=\/wp\/v2\/posts\/73171","targetHints":{"allow":["GET"]}}],"collection":[{"href":"https:\/\/zonaroja.com.mx\/index.php?rest_route=\/wp\/v2\/posts"}],"about":[{"href":"https:\/\/zonaroja.com.mx\/index.php?rest_route=\/wp\/v2\/types\/post"}],"author":[{"embeddable":true,"href":"https:\/\/zonaroja.com.mx\/index.php?rest_route=\/wp\/v2\/users\/2"}],"replies":[{"embeddable":true,"href":"https:\/\/zonaroja.com.mx\/index.php?rest_route=%2Fwp%2Fv2%2Fcomments&post=73171"}],"version-history":[{"count":1,"href":"https:\/\/zonaroja.com.mx\/index.php?rest_route=\/wp\/v2\/posts\/73171\/revisions"}],"predecessor-version":[{"id":73172,"href":"https:\/\/zonaroja.com.mx\/index.php?rest_route=\/wp\/v2\/posts\/73171\/revisions\/73172"}],"wp:featuredmedia":[{"embeddable":true,"href":"https:\/\/zonaroja.com.mx\/index.php?rest_route=\/wp\/v2\/media\/68029"}],"wp:attachment":[{"href":"https:\/\/zonaroja.com.mx\/index.php?rest_route=%2Fwp%2Fv2%2Fmedia&parent=73171"}],"wp:term":[{"taxonomy":"category","embeddable":true,"href":"https:\/\/zonaroja.com.mx\/index.php?rest_route=%2Fwp%2Fv2%2Fcategories&post=73171"},{"taxonomy":"post_tag","embeddable":true,"href":"https:\/\/zonaroja.com.mx\/index.php?rest_route=%2Fwp%2Fv2%2Ftags&post=73171"}],"curies":[{"name":"wp","href":"https:\/\/api.w.org\/{rel}","templated":true}]}}