{"id":73181,"date":"2024-10-06T19:59:00","date_gmt":"2024-10-07T01:59:00","guid":{"rendered":"https:\/\/zonaroja.com.mx\/?p=73181"},"modified":"2024-10-06T19:59:01","modified_gmt":"2024-10-07T01:59:01","slug":"istmo-violento-ejecutan-este-domingo-a-dos-personas-dos-mas-lesionadas","status":"publish","type":"post","link":"https:\/\/zonaroja.com.mx\/?p=73181","title":{"rendered":"Istmo violento: ejecutan este domingo a dos personas; dos m\u00e1s lesionadas"},"content":{"rendered":"\n<p>Ismael Garc\u00eda M.\/Zona Roja. Foto: Cortes\u00eda.<\/p>\n\n\n\n<p>Oaxaca de Ju\u00e1rez, Oax., a 6 de octubre de 2024.- La violencia criminal no cesa ni en fin de semana en la regi\u00f3n del Istmo de Tehuantepec y este domingo dos personas fueron ejecutadas a balazos y dos m\u00e1s resultaron lesionadas.<\/p>\n\n\n\n<p>En la carretera local de Juchit\u00e1n de Zaragoza hacia el municipio de Uni\u00f3n Hidalgo, dos personas fueron acribilladas, una de las cuales perdi\u00f3 la vida y presentaba ademas huellas de tortura, adem\u00e1s de que se encontraba maniatado.<\/p>\n\n\n\n<p>En el sitio se hall\u00f3 a otro individuo con graves lesiones de arma de grueso calibre, quien fue atendido por param\u00e9dicos y trasladado a un hospital de Juchit\u00e1n; dijo llamar Javier R. O., a quien le dejaron un presunto \u201cnarcomensaje\u201d.<\/p>\n\n\n\n<p>A\u00fan se desconoce el m\u00f3vil del crimen pero una de las l\u00edneas de investigaci\u00f3n es el ajuste de cuentas entre grupos del crimen organizado.<\/p>\n\n\n\n<p>EN SALINA CRUZ<\/p>\n\n\n\n<p>Horas antes en la agencia de Bah\u00eda La Ventosa, municipio de Salina Cruz, se registro otro ataque armado, con saldo de una persona del sexo masculino fallecida y otra m\u00e1s lesionada.<\/p>\n\n\n\n<p>De manera preliminar se inform\u00f3 que la v\u00edctima fatal fue identificada como Luis \u00c1ngel A. G., mientras que el herido de bala como Eliseo \u201cN\u201d; tampoco se conocen a\u00fan las causas de la agresi\u00f3n.<\/p>\n\n\n\n<p>El lesionado fue trasladado a un hospital, mientras que en la zona hallaron varios casquillos percutidos de armas de grueso calibre.<\/p>\n\n\n\n<p>En ambos casos, la Vicefiscal\u00eda Regional del Istmo, dependiente de la Fiscal\u00eda General del Estado de Oaxaca, inici\u00f3 las indagatorias correspondientes para dar con los responsables de estos cr\u00edmenes.<\/p>\n","protected":false},"excerpt":{"rendered":"<p>Ismael Garc\u00eda M.\/Zona Roja. Foto: Cortes\u00eda. Oaxaca de Ju\u00e1rez, Oax., a 6 de octubre de&hellip;<\/p>\n","protected":false},"author":2,"featured_media":73182,"comment_status":"closed","ping_status":"open","sticky":false,"template":"","format":"standard","meta":{"_lmt_disableupdate":"","_lmt_disable":"","_jetpack_memberships_contains_paid_content":false,"footnotes":""},"categories":[109,51],"tags":[123,168],"class_list":["post-73181","post","type-post","status-publish","format-standard","has-post-thumbnail","hentry","category-minuto-a-minuto","category-zona-roja","tag-juchitan-de-zaragoza","tag-salina-cruz"],"jetpack_featured_media_url":"https:\/\/zonaroja.com.mx\/wp-content\/uploads\/2024\/10\/Ejecutado-en-Juchitan.jpeg","jetpack_sharing_enabled":true,"_links":{"self":[{"href":"https:\/\/zonaroja.com.mx\/index.php?rest_route=\/wp\/v2\/posts\/73181","targetHints":{"allow":["GET"]}}],"collection":[{"href":"https:\/\/zonaroja.com.mx\/index.php?rest_route=\/wp\/v2\/posts"}],"about":[{"href":"https:\/\/zonaroja.com.mx\/index.php?rest_route=\/wp\/v2\/types\/post"}],"author":[{"embeddable":true,"href":"https:\/\/zonaroja.com.mx\/index.php?rest_route=\/wp\/v2\/users\/2"}],"replies":[{"embeddable":true,"href":"https:\/\/zonaroja.com.mx\/index.php?rest_route=%2Fwp%2Fv2%2Fcomments&post=73181"}],"version-history":[{"count":1,"href":"https:\/\/zonaroja.com.mx\/index.php?rest_route=\/wp\/v2\/posts\/73181\/revisions"}],"predecessor-version":[{"id":73183,"href":"https:\/\/zonaroja.com.mx\/index.php?rest_route=\/wp\/v2\/posts\/73181\/revisions\/73183"}],"wp:featuredmedia":[{"embeddable":true,"href":"https:\/\/zonaroja.com.mx\/index.php?rest_route=\/wp\/v2\/media\/73182"}],"wp:attachment":[{"href":"https:\/\/zonaroja.com.mx\/index.php?rest_route=%2Fwp%2Fv2%2Fmedia&parent=73181"}],"wp:term":[{"taxonomy":"category","embeddable":true,"href":"https:\/\/zonaroja.com.mx\/index.php?rest_route=%2Fwp%2Fv2%2Fcategories&post=73181"},{"taxonomy":"post_tag","embeddable":true,"href":"https:\/\/zonaroja.com.mx\/index.php?rest_route=%2Fwp%2Fv2%2Ftags&post=73181"}],"curies":[{"name":"wp","href":"https:\/\/api.w.org\/{rel}","templated":true}]}}