{"id":73188,"date":"2024-10-07T07:59:00","date_gmt":"2024-10-07T13:59:00","guid":{"rendered":"https:\/\/zonaroja.com.mx\/?p=73188"},"modified":"2024-10-07T06:02:03","modified_gmt":"2024-10-07T12:02:03","slug":"ejecutan-y-decapitan-a-edil-de-chilpancingo-van-dos-funcionarios-asesinados","status":"publish","type":"post","link":"https:\/\/zonaroja.com.mx\/?p=73188","title":{"rendered":"Ejecutan y decapitan a edil de Chilpancingo; van dos funcionarios asesinados"},"content":{"rendered":"\n<p>Redacci\u00f3n\/Zona Roja Cdmx.<\/p>\n\n\n\n<p>Ciudad de M\u00e9xico, a 7 de octubre de 2024.- A seis d\u00edas de haber asumido el cargo de presidente municipal de la ciudad de Chilpancingo, capital de Guerrero, Alejandro Arcos Catal\u00e1n, fue asesinado la tarde de este domingo, inform\u00f3 la Fiscal\u00eda General del Estado (FGE).<\/p>\n\n\n\n<p>En un comunicado, la Fiscal\u00eda estatal inform\u00f3 que abri\u00f3 una investigaci\u00f3n en contra de quien o quienes resulten responsables, por el delito de homicidio calificado, cometido en agravio de Alejandro \u201cN\u201d, por los hechos ocurridos en Chilpancingo.<\/p>\n\n\n\n<p>Explic\u00f3 que agentes de la Polic\u00eda Investigadora Ministerial y de los Servicios Periciales de la FGE de Guerrero, arribaron al lugar de los hechos para iniciar la investigaci\u00f3n que permitan obtener datos de prueba necesarios para esclarecer el il\u00edcito.<\/p>\n\n\n\n<p>Arcos Catal\u00e1n fue encontrado decapitado en el libramiento hacia Tixtla. La cabeza fue dejada en el toldo de un veh\u00edculo y el resto del cuerpo en el asiento del copiloto.<\/p>\n\n\n\n<p>Mientras que hace tres d\u00edas hab\u00eda sido asesinado su secretario general de gobierno, Francisco Tapia.<\/p>\n\n\n\n<p>Autoridades ministeriales indicaron que minutos antes de las 17:00 horas los vecinos reportaron a las autoridades una cabeza humana en el toldo de un veh\u00edculo.<\/p>\n\n\n\n<p>Los agentes indicaron que el cuerpo del alcalde, quien hab\u00eda rendido protesta al cargo el pasado lunes 30 de septiembre, estaba en el interior de la camioneta en el asiento del copiloto.<\/p>\n\n\n\n<p>Por su parte, Alejandro Moreno, presidente del Partido Revolucionario Institucional (PRI), al que pertenec\u00eda el alcalde, confirm\u00f3 el homicidio a trav\u00e9s de un mensaje en la red social X al tiempo que pidi\u00f3 una investigaci\u00f3n clara e inmediata a la Fiscal\u00eda General de la Rep\u00fablica (FGR) de M\u00e9xico.<\/p>\n\n\n\n<p>\u201cHan asesinado a nuestro alcalde de Chilpancingo, Alejandro Arcos, y hace apenas tres d\u00edas al secretario de este mismo ayuntamiento, Francisco Tapia. Llevaban menos de una semana en el cargo. Funcionarios j\u00f3venes y honestos que buscaban progreso para su comunidad\u201d, apunt\u00f3 Moreno.<\/p>\n\n\n\n<p>\u201cNuestro p\u00e9same y solidaridad para sus familias. Dada la situaci\u00f3n de ingobernabilidad en Guerrero, estaremos pidiendo la FGR atraiga las investigaciones de ambos asesinatos\u201d, a\u00f1adi\u00f3.<\/p>\n\n\n\n<p>Tras asumir el cargo, Arcos Catal\u00e1n asegur\u00f3 que su principal compromiso era \u201cgarantizar la paz y la seguridad en el municipio\u201d y que esto lo cumplir\u00eda \u201cde la mano del Ej\u00e9rcito Mexicano\u201c.<\/p>\n\n\n\n<p>La violencia criminal en Guerrero y en la capital Chilpancingo ha ido en aumento en los \u00faltimos a\u00f1os, con disputas constantes de grupos del crimen organizado por el control territorial para el trasiego de drogas, extorsi\u00f3n y otros delitos.<\/p>\n\n\n\n<p>(Con informaci\u00f3n de L\u00f3pez-D\u00f3riga Digital)<\/p>\n\n\n\n<figure class=\"wp-block-embed is-type-rich is-provider-twitter wp-block-embed-twitter\"><div class=\"wp-block-embed__wrapper\">\n<div class=\"twitter-tweet\"><blockquote class=\"twitter-tweet\" data-lang=\"es\"><p lang=\"es\" dir=\"ltr\"><a href=\"https:\/\/twitter.com\/hashtag\/%C3%9AltimoMinuto?src=hash&amp;ref_src=twsrc%5Etfw\">#\u00daltimoMinuto<\/a> <br>Ejecutan y decapitan a Alejandro Arcos, presidente municipal de <a href=\"https:\/\/twitter.com\/hashtag\/Chilpancingo?src=hash&amp;ref_src=twsrc%5Etfw\">#Chilpancingo<\/a>, Guerrero.<br>Apenas hace tres d\u00edas fue asesinado Francisco Gonzalo Tapia, secretario general del ayuntamiento. <a href=\"https:\/\/t.co\/S1z82hNt39\">pic.twitter.com\/S1z82hNt39<\/a><\/p>&mdash; Zona Roja Oaxaca (@ZonaRoja_Oaxaca) <a href=\"https:\/\/twitter.com\/ZonaRoja_Oaxaca\/status\/1843140073883308465?ref_src=twsrc%5Etfw\">7 de octubre de 2024<\/a><\/blockquote><\/div>\n<\/div><\/figure>\n","protected":false},"excerpt":{"rendered":"<p>Redacci\u00f3n\/Zona Roja Cdmx. Ciudad de M\u00e9xico, a 7 de octubre de 2024.- A seis d\u00edas&hellip;<\/p>\n","protected":false},"author":2,"featured_media":73189,"comment_status":"closed","ping_status":"open","sticky":false,"template":"","format":"standard","meta":{"_lmt_disableupdate":"","_lmt_disable":"","_jetpack_memberships_contains_paid_content":false,"footnotes":""},"categories":[109,51],"tags":[4085],"class_list":["post-73188","post","type-post","status-publish","format-standard","has-post-thumbnail","hentry","category-minuto-a-minuto","category-zona-roja","tag-alejandro-arcos-chilpancingo"],"jetpack_featured_media_url":"https:\/\/zonaroja.com.mx\/wp-content\/uploads\/2024\/10\/Edil-Chilpancingo-ejecutado-Guerrero.jpeg","jetpack_sharing_enabled":true,"_links":{"self":[{"href":"https:\/\/zonaroja.com.mx\/index.php?rest_route=\/wp\/v2\/posts\/73188","targetHints":{"allow":["GET"]}}],"collection":[{"href":"https:\/\/zonaroja.com.mx\/index.php?rest_route=\/wp\/v2\/posts"}],"about":[{"href":"https:\/\/zonaroja.com.mx\/index.php?rest_route=\/wp\/v2\/types\/post"}],"author":[{"embeddable":true,"href":"https:\/\/zonaroja.com.mx\/index.php?rest_route=\/wp\/v2\/users\/2"}],"replies":[{"embeddable":true,"href":"https:\/\/zonaroja.com.mx\/index.php?rest_route=%2Fwp%2Fv2%2Fcomments&post=73188"}],"version-history":[{"count":1,"href":"https:\/\/zonaroja.com.mx\/index.php?rest_route=\/wp\/v2\/posts\/73188\/revisions"}],"predecessor-version":[{"id":73190,"href":"https:\/\/zonaroja.com.mx\/index.php?rest_route=\/wp\/v2\/posts\/73188\/revisions\/73190"}],"wp:featuredmedia":[{"embeddable":true,"href":"https:\/\/zonaroja.com.mx\/index.php?rest_route=\/wp\/v2\/media\/73189"}],"wp:attachment":[{"href":"https:\/\/zonaroja.com.mx\/index.php?rest_route=%2Fwp%2Fv2%2Fmedia&parent=73188"}],"wp:term":[{"taxonomy":"category","embeddable":true,"href":"https:\/\/zonaroja.com.mx\/index.php?rest_route=%2Fwp%2Fv2%2Fcategories&post=73188"},{"taxonomy":"post_tag","embeddable":true,"href":"https:\/\/zonaroja.com.mx\/index.php?rest_route=%2Fwp%2Fv2%2Ftags&post=73188"}],"curies":[{"name":"wp","href":"https:\/\/api.w.org\/{rel}","templated":true}]}}