{"id":73199,"date":"2024-10-07T08:21:35","date_gmt":"2024-10-07T14:21:35","guid":{"rendered":"https:\/\/zonaroja.com.mx\/?p=73199"},"modified":"2024-10-07T10:59:16","modified_gmt":"2024-10-07T16:59:16","slug":"opinion-resolvera-claudia-sheinbaum-la-crisis-de-la-basura-en-oaxaca","status":"publish","type":"post","link":"https:\/\/zonaroja.com.mx\/?p=73199","title":{"rendered":"Opini\u00f3n. \u00bfResolver\u00e1 Claudia Sheinbaum la crisis de la basura en Oaxaca?"},"content":{"rendered":"\n<p>Ismael Garc\u00eda M.\/Zona Roja.<\/p>\n\n\n\n<p>Oaxaca, Oax., a 7 de octubre de 2028.- Este martes se cumplen dos a\u00f1os del cierre del tiradero de basura municipal en la Villa de Zaachila, y con ello tambi\u00e9n dos a\u00f1os de crisis en la capital de Oaxaca y municipios conurbados.<\/p>\n\n\n\n<p>En el caso de la ciudad de Oaxaca, la autoridad que encabeza Francisco Mart\u00ednez Neri, ha reconocido que eroga mensualmente alrededor de 20 millones de pesos para trasladar los desechos a otras regiones del estado o a otras entidades.<\/p>\n\n\n\n<p>Es decir, en poco m\u00e1s de dos a\u00f1os, s\u00f3lo en el ayuntamiento local se han destinado alrededor de 300 millones de pesos, cantidad suficiente para construir su propio vertedero de basura, con la tecnolog\u00eda y equipamiento necesario.<\/p>\n\n\n\n<p>El problema lo asumi\u00f3 como suyo el Gobierno del Estado, a trav\u00e9s de la Secretar\u00eda de Gobierno, pero luego de casi dos a\u00f1os del actual sexenio morenista, tampoco hay, absolutamente, ninguna soluci\u00f3n al respecto, luego de dos intentos fallidos, en San Lorenzo Albarradas y en San Pedro Totol\u00e1pam. Ning\u00fan avance.<\/p>\n\n\n\n<p>EL ANUNCIO<\/p>\n\n\n\n<p>Al asumir el cargo el pasado 1 de octubre, la Presidenta de M\u00e9xico, Claudia Sheinbaum Pardo, anunci\u00f3 la construcci\u00f3n de por lo menos tres tiraderos de basura.<\/p>\n\n\n\n<p>En ese marco dio a conocer al menos una decena de proyectos de gran envergadura, algunos de los cuales que dif\u00edcilmente se podr\u00edan concluir en un sexenio, si es que se hacen, como la supercarretera a la Cuenca o traer agua potable de la Sierra Sur a la zona metropolitana.&nbsp;<\/p>\n\n\n\n<p>Con respecto a los tiraderos, de acuerdo con el mandatario Salom\u00f3n Jara Cruz, adem\u00e1s de Valles Centrales, se instalar\u00edan en las regiones Istmo y Cuenca.<\/p>\n\n\n\n<p>Pero hasta ah\u00ed los anuncios. Es demasiado temprano, por supuesto, para desconfiar o para creer que ahora s\u00ed, la problem\u00e1tica \u2014generada por cierto por el edil morenista de Zaachila, Rigoberto Chac\u00f3n P\u00e9rez\u2014 pueda ser solucionado de manera integral a corto plazo.<\/p>\n\n\n\n<p>Mientras tanto, el dinero del erario, tanto de la capital como de una veintena de municipios conturbados, se seguir\u00e1 tirando, literalmente, a la basura.&nbsp;<\/p>\n\n\n\n<p>Porque la principal problem\u00e1tica no es el dinero, aunque se requieren cientos de millones de pesos, sino la aprobaci\u00f3n de alg\u00fan municipio para albergar un enorme tiradero de desechos.<\/p>\n\n\n\n<p>M\u00c1S PROBLEMAS<\/p>\n\n\n\n<p>Aunado a la costosa y muy larga crisis de la basura, los problemas sociales no han faltado en Oaxaca precisamente por el destino de los desechos.<\/p>\n\n\n\n<p>Apenas la semana pasada, en Tlalixtac de Cabrera hubo inconformidad por la instalaci\u00f3n de un tiradero, en el municipio vecino de San Andr\u00e9s Huay\u00e1pam, que supuestamente contamina los mantos fre\u00e1ticos.<\/p>\n\n\n\n<p>La de Huay\u00e1pam es una iniciativa municipal, sin embargo, para acallar las cr\u00edticas y evitar mayores se\u00f1alamientos, tuvo que intervenir el Gobierno del Estado e incluso aclarar que no habr\u00eda contaminaci\u00f3n.<\/p>\n\n\n\n<p>No obstante, el dep\u00f3sito se ubica en las faldas del cerro de San Felipe, donde de manera natural se generan escurrimientos de agua que van a parar a la zona baja, incluyendo las dos presas de la zona, en que se ubican varios municipios m\u00e1s.<\/p>\n\n\n\n<p>En Cuil\u00e1pam de Guerrero, municipio vecino a la capital, tambi\u00e9n hay otra problem\u00e1tica, de tipo agrario pero que al parecer tiene el fin de devenir en un tiradero de basura.<\/p>\n\n\n\n<p>Particulares se dicen due\u00f1os de al menos 165 hect\u00e1reas en tres barrios, que supuestamente pretenden despojar a m\u00e1s de 400 familias asentadas en la zona, bajo escrituras que habr\u00edan sido falsificadas.<\/p>\n\n\n\n<p>Seg\u00fan los denunciantes, que se dicen propietarios de las tierras desde hace varias d\u00e9cadas, los despojadores tienen la intenci\u00f3n de vender esos terrenos al Gobierno del Estado para crear un vertedero de desechos.<\/p>\n\n\n\n<p>Aunado a ello, de nueva cuenta, y para resarcir su falla, el presidente municipal de Zaachila ha estado azuzando a vecinos de varias colonias de la agencia Vicente Guerrero, para reabrir el antiguo tiradero, bajo el pretexto de un en\u00e9simo saneamiento.<\/p>\n\n\n\n<p>Y como cereza del pastel, hasta el momento persiste una resistencia de la mayor\u00eda de pobladores de Tototal\u00e1pam para que se instale ah\u00ed el Centro Integral de Revalorizaci\u00f3n de Residuos S\u00f3lidos Urbanos (CIRRSU), planeado por el gobierno estatal.<\/p>\n\n\n\n<p>En reiteradas ocasiones, en este espacio lo hemos dicho, la autoridad estatal ha insistido en que ahora s\u00ed habr\u00e1 soluci\u00f3n a la problem\u00e1tica de la basura; similar cantidad de rechazos ha tenido.<\/p>\n\n\n\n<p>Es m\u00e1s, en el caso de su \u00faltimo prop\u00f3sito, ni siquiera se cuenta con la millonaria inversi\u00f3n que se requiere para las instalaciones de Totol\u00e1pam, aunado a la oposici\u00f3n popular.<\/p>\n\n\n\n<p>Tan es as\u00ed, que tambi\u00e9n contempla retomar el proyecto de Albarradas, una vez que cambie de edil el gobierno de Mitla, principal opositor a esa iniciativa, pese a que no est\u00e1 en su jurisdicci\u00f3n.<\/p>\n\n\n\n<p>\u00bfY LA NUEVA CULTURA?<\/p>\n\n\n\n<p>Y en medio de la costosa y larga crisis sanitaria y de la basura, poco, muy poco se ha logrado en concientizar a la poblaci\u00f3n en general a manejar adecuadamente la basura, es decir a consolidar un proceso de separaci\u00f3n de desechos.<\/p>\n\n\n\n<p>Acaso Oaxaca de Ju\u00e1rez y Santa Luc\u00eda del Camino han insistido en ello y ocupan d\u00edas especiales y unidades espec\u00edficas para retirar los desechos org\u00e1nicos.<\/p>\n\n\n\n<p>Pero esta situaci\u00f3n no s\u00f3lo es responsabilidad de la autoridad de cualquier nivel, sino suya y m\u00eda, pues desde el hogar podemos hacer mucho para evitar generar m\u00e1s basura, para separar adecuadamente los desechos, para utilizar en lo menos posible los pl\u00e1sticos y art\u00edculos de unicel.<\/p>\n\n\n\n<p>En realidad una de las principales soluciones est\u00e1 desde casa pero eso no lo ve ni la autoridad ni nosotros; tenemos en Oaxaca una Secretar\u00eda del Medio Ambiente que en absoluto se conoce cu\u00e1les son sus acciones para ayudar o alentar a preservar el h\u00e1bitat.<\/p>\n\n\n\n<p>Una secretar\u00eda relegada de las decisiones principales para la creaci\u00f3n del Centro Integral de Revalorizaci\u00f3n de Residuos, quiz\u00e1 por la falta de capacidad de la titular y dem\u00e1s funcionarios.<\/p>\n\n\n\n<p>Y mientras no se insista en la conciencia social para cuidar el agua, los bosques, la tierra, pues simplemente ninguna multimillonaria soluci\u00f3n ser\u00e1 efectiva para aminorar los graves efectos de la contaminaci\u00f3n ambiental.<\/p>\n","protected":false},"excerpt":{"rendered":"<p>Ismael Garc\u00eda M.\/Zona Roja. Oaxaca, Oax., a 7 de octubre de 2028.- Este martes se&hellip;<\/p>\n","protected":false},"author":2,"featured_media":67764,"comment_status":"closed","ping_status":"open","sticky":false,"template":"","format":"standard","meta":{"_lmt_disableupdate":"","_lmt_disable":"","_jetpack_memberships_contains_paid_content":false,"footnotes":""},"categories":[456,109,48],"tags":[1353],"class_list":["post-73199","post","type-post","status-publish","format-standard","has-post-thumbnail","hentry","category-columna","category-minuto-a-minuto","category-zona-critica","tag-opinion-zona-critica"],"jetpack_featured_media_url":"https:\/\/zonaroja.com.mx\/wp-content\/uploads\/2024\/04\/Opinion-Zona-Roja-Ismael-Garcia.jpg","jetpack_sharing_enabled":true,"_links":{"self":[{"href":"https:\/\/zonaroja.com.mx\/index.php?rest_route=\/wp\/v2\/posts\/73199","targetHints":{"allow":["GET"]}}],"collection":[{"href":"https:\/\/zonaroja.com.mx\/index.php?rest_route=\/wp\/v2\/posts"}],"about":[{"href":"https:\/\/zonaroja.com.mx\/index.php?rest_route=\/wp\/v2\/types\/post"}],"author":[{"embeddable":true,"href":"https:\/\/zonaroja.com.mx\/index.php?rest_route=\/wp\/v2\/users\/2"}],"replies":[{"embeddable":true,"href":"https:\/\/zonaroja.com.mx\/index.php?rest_route=%2Fwp%2Fv2%2Fcomments&post=73199"}],"version-history":[{"count":2,"href":"https:\/\/zonaroja.com.mx\/index.php?rest_route=\/wp\/v2\/posts\/73199\/revisions"}],"predecessor-version":[{"id":73204,"href":"https:\/\/zonaroja.com.mx\/index.php?rest_route=\/wp\/v2\/posts\/73199\/revisions\/73204"}],"wp:featuredmedia":[{"embeddable":true,"href":"https:\/\/zonaroja.com.mx\/index.php?rest_route=\/wp\/v2\/media\/67764"}],"wp:attachment":[{"href":"https:\/\/zonaroja.com.mx\/index.php?rest_route=%2Fwp%2Fv2%2Fmedia&parent=73199"}],"wp:term":[{"taxonomy":"category","embeddable":true,"href":"https:\/\/zonaroja.com.mx\/index.php?rest_route=%2Fwp%2Fv2%2Fcategories&post=73199"},{"taxonomy":"post_tag","embeddable":true,"href":"https:\/\/zonaroja.com.mx\/index.php?rest_route=%2Fwp%2Fv2%2Ftags&post=73199"}],"curies":[{"name":"wp","href":"https:\/\/api.w.org\/{rel}","templated":true}]}}