{"id":7320,"date":"2020-01-05T08:39:45","date_gmt":"2020-01-05T14:39:45","guid":{"rendered":"http:\/\/www.zonaroja.com.mx\/?p=7320"},"modified":"2020-01-05T08:39:48","modified_gmt":"2020-01-05T14:39:48","slug":"en-iran-e-irak-miles-protestan-contra-eu-y-queman-banderas","status":"publish","type":"post","link":"https:\/\/zonaroja.com.mx\/?p=7320","title":{"rendered":"En Ir\u00e1n e Irak miles protestan contra EU y queman banderas"},"content":{"rendered":"\n<p>Redacci\u00f3n\/Zona\nRoja Cdmx.<\/p>\n\n\n\n<p>Ciudad\nde M\u00e9xico, 5 de enero de 2020.- Varios proyectiles impactaron ayer en la Zona\nVerde de Bagdad, el barrio bajo alta protecci\u00f3n donde se encuentra la embajada\nestadunidense, y en la base a\u00e9rea de Al Balad, al norte de la capital.<\/p>\n\n\n\n<p>Ello,\ntras el funeral multitudinario del poderoso general iran\u00ed Qasem Soleimani,\nquien muri\u00f3 en un ataque de Estados Unidos en Bagdad. <\/p>\n\n\n\n<p>Irak\nanunci\u00f3 que su gobierno decidir\u00e1 si expulsa del pa\u00eds a las tropas\nestadunidenses en su territorio, seg\u00fan informaci\u00f3n publicada hoy por el diario \u201cLa\nJornada\u201d.<\/p>\n\n\n\n<p>Otro\ncohete cay\u00f3 en el vecindario de Jadriya, pero no provoc\u00f3 v\u00edctimas, pero las\nbrigadas de Kataeb Hezbol\u00e1, la facci\u00f3n m\u00e1s radical de las milicias proiran\u00edes\nen Irak, subieron m\u00e1s la tensi\u00f3n al exigir a las fuerzas de seguridad iraqu\u00edes\nque se alejen a mil metros como m\u00ednimo de las bases estadunidenses a partir del\ndomingo a las 5 pm.<\/p>\n\n\n\n<p>El\npresidente estadunidense, Donald Trump, justific\u00f3 el viernes este asesinato con\nla aseveraci\u00f3n de que Soleimani pretend\u00eda matar a muchos estadunidenses, entre\ndiplom\u00e1ticos y funcionarios en Irak, y que su intenci\u00f3n era impedir una guerra;\nno comenzarla, rese\u00f1\u00f3 \u201cLa Jornada\u201d.<\/p>\n\n\n\n<p>El\nsecretario de Estado, Mike Pompeo, critic\u00f3 con dureza la exigencia: \u201cLos\nmatones le dicen a las fuerzas de seguridad iraqu\u00edes que abandonen su deber de\nproteger la embajada de Estados Unidos en Bagdad y otros lugares donde los\nestadunidenses trabajan codo con codo con la gente buena de Irak\u201d, tuiteo el\njefe de la diplomacia estadunidense, y agreg\u00f3 Los iraqu\u00edes quieren liberarse\ndel yugo iran\u00ed.<\/p>\n\n\n\n<p>Soleimani,\nde 62 a\u00f1os, muri\u00f3 el viernes por el bombardeo desde un dron contra el coche en\nel que viajaba. <\/p>\n\n\n\n<p>En\nel ataque, a las afueras del aeropuerto de Bagdad, murieron otras ocho\npersonas, entre ellas Abu Mehdi al Muhandis, n\u00famero dos de las Fuerzas de\nMovilizaci\u00f3n Popular (Hashd al Shaabi), una coalici\u00f3n de paramilitares\nmayoritariamente proiran\u00edes integrados en el Estado iraqu\u00ed.<\/p>\n\n\n\n<p>Miles\nde iraqu\u00edes, al grito de \u00a1Muerte a Estados Unidos!, participaron en la capital\niraqu\u00ed en el cortejo f\u00fanebre del general Soleimani y de Muhandis.<\/p>\n\n\n\n<p>En\npresencia del primer ministro saliente Adel Abdel Mahdi y de altos dirigentes\ndel Hashd, Hadi al Ameri, l\u00edder de los proiran\u00edes en el Parlamento iraqu\u00ed,\nprometi\u00f3 ante el ata\u00fad de Muhandis: \u201cEst\u00e1s seguro, el precio de tu sangre ser\u00e1\nla salida de las tropas estadunidenses de Irak\u201d, lanz\u00f3.<\/p>\n\n\n\n<p>El\nParlamento iraqu\u00ed se reunir\u00e1 este domingo en una sesi\u00f3n extraordinaria en la\nque podr\u00eda denunciar el acuerdo que enmarca la presencia de 5 mil 200 soldados\nestadunidenses en Irak.<\/p>\n\n\n\n<p>Ir\u00e1n,\nque prometi\u00f3 una dura venganza en el lugar y el momento adecuados, convoc\u00f3 al\nencargado de negocios de Suiza en Teher\u00e1n, representante de los intereses de\nEstados Unidos. <\/p>\n\n\n\n<p>(Con\ninformaci\u00f3n de \u201cLa Jornada\u201d)<\/p>\n","protected":false},"excerpt":{"rendered":"<p>Redacci\u00f3n\/Zona Roja Cdmx. Ciudad de M\u00e9xico, 5 de enero de 2020.- Varios proyectiles impactaron ayer&hellip;<\/p>\n","protected":false},"author":2,"featured_media":7321,"comment_status":"closed","ping_status":"open","sticky":false,"template":"","format":"standard","meta":{"_lmt_disableupdate":"","_lmt_disable":"","_jetpack_memberships_contains_paid_content":false,"footnotes":""},"categories":[109,47],"tags":[1239],"class_list":["post-7320","post","type-post","status-publish","format-standard","has-post-thumbnail","hentry","category-minuto-a-minuto","category-zona-gris","tag-guerra-iran-estados-unidos"],"jetpack_featured_media_url":"https:\/\/zonaroja.com.mx\/wp-content\/uploads\/2020\/01\/queman-bandera.jpg","jetpack_sharing_enabled":true,"_links":{"self":[{"href":"https:\/\/zonaroja.com.mx\/index.php?rest_route=\/wp\/v2\/posts\/7320","targetHints":{"allow":["GET"]}}],"collection":[{"href":"https:\/\/zonaroja.com.mx\/index.php?rest_route=\/wp\/v2\/posts"}],"about":[{"href":"https:\/\/zonaroja.com.mx\/index.php?rest_route=\/wp\/v2\/types\/post"}],"author":[{"embeddable":true,"href":"https:\/\/zonaroja.com.mx\/index.php?rest_route=\/wp\/v2\/users\/2"}],"replies":[{"embeddable":true,"href":"https:\/\/zonaroja.com.mx\/index.php?rest_route=%2Fwp%2Fv2%2Fcomments&post=7320"}],"version-history":[{"count":1,"href":"https:\/\/zonaroja.com.mx\/index.php?rest_route=\/wp\/v2\/posts\/7320\/revisions"}],"predecessor-version":[{"id":7322,"href":"https:\/\/zonaroja.com.mx\/index.php?rest_route=\/wp\/v2\/posts\/7320\/revisions\/7322"}],"wp:featuredmedia":[{"embeddable":true,"href":"https:\/\/zonaroja.com.mx\/index.php?rest_route=\/wp\/v2\/media\/7321"}],"wp:attachment":[{"href":"https:\/\/zonaroja.com.mx\/index.php?rest_route=%2Fwp%2Fv2%2Fmedia&parent=7320"}],"wp:term":[{"taxonomy":"category","embeddable":true,"href":"https:\/\/zonaroja.com.mx\/index.php?rest_route=%2Fwp%2Fv2%2Fcategories&post=7320"},{"taxonomy":"post_tag","embeddable":true,"href":"https:\/\/zonaroja.com.mx\/index.php?rest_route=%2Fwp%2Fv2%2Ftags&post=7320"}],"curies":[{"name":"wp","href":"https:\/\/api.w.org\/{rel}","templated":true}]}}