{"id":73201,"date":"2024-10-07T13:22:00","date_gmt":"2024-10-07T19:22:00","guid":{"rendered":"https:\/\/zonaroja.com.mx\/?p=73201"},"modified":"2024-10-07T08:25:30","modified_gmt":"2024-10-07T14:25:30","slug":"un-ano-secuestrados-dos-mexicanos-en-el-medio-oriente","status":"publish","type":"post","link":"https:\/\/zonaroja.com.mx\/?p=73201","title":{"rendered":"\u00a1Un a\u00f1o secuestrados dos mexicanos en el Medio Oriente!"},"content":{"rendered":"\n<p>Redacci\u00f3n\/Zona Roja Cdmx.<\/p>\n\n\n\n<p>Ciudad de M\u00e9xico, a 7 de octubre de 2024.- \u201cEn buen estado de salud y fuera de peligro\u201d se encuentran los dos mexicanos secuestrados desde hace casi un a\u00f1o junto a la tripulaci\u00f3n del buque \u2018Galaxy Leader\u2019 en aguas internacionales del mar Rojo, inform\u00f3 este domingo la Secretar\u00eda de Relaciones Exteriores (SRE).<\/p>\n\n\n\n<p>El buque y su tripulaci\u00f3n fueron retenidos en Yemen por milicias hut\u00edes desde el pasado 19 de noviembre del 2023. El nuevo canciller de M\u00e9xico, Juan Ram\u00f3n de la Fuente, inform\u00f3 este domingo en un comunicado que continuar\u00e1n con las gestiones para lograr la liberaci\u00f3n de los connacionales a bordo.<\/p>\n\n\n\n<p>\u201cSe ofreci\u00f3 todo el apoyo solidario que se requiera y el compromiso permanente de continuar con todas las gestiones posibles con gobiernos e interlocutores involucrados para su pronta liberaci\u00f3n y repatriaci\u00f3n a M\u00e9xico.<\/p>\n\n\n\n<p>Se acord\u00f3 mantener comunicaci\u00f3n estrecha y realizar una reuni\u00f3n presencial cuando as\u00ed convenga a la familia\u201d, se\u00f1al\u00f3.<\/p>\n\n\n\n<p>Se inform\u00f3 que tambi\u00e9n se mantuvo contacto con el embajador de M\u00e9xico en Arabia Saudita, concurrente ante Yemen, An\u00edbal G\u00f3mez Toledo, para que contin\u00fae brindando todo el apoyo y realizar el acompa\u00f1amiento necesario a familiares, as\u00ed como continuar utilizando los canales diplom\u00e1ticos para lograr su regreso.<\/p>\n\n\n\n<p>\u201cEl Gobierno de M\u00e9xico, a trav\u00e9s de la Secretar\u00eda de Relaciones Exteriores (SRE), reafirma su compromiso y actuar inmediato con los connacionales que se encuentran en situaciones de vulnerabilidad y mantendr\u00e1 la comunicaci\u00f3n efectiva con sus familiares\u201d, concluy\u00f3.<\/p>\n\n\n\n<p>(Informaci\u00f3n de \u201cLa Jornada\u201d)<\/p>\n","protected":false},"excerpt":{"rendered":"<p>Redacci\u00f3n\/Zona Roja Cdmx. Ciudad de M\u00e9xico, a 7 de octubre de 2024.- \u201cEn buen estado&hellip;<\/p>\n","protected":false},"author":2,"featured_media":73202,"comment_status":"closed","ping_status":"open","sticky":false,"template":"","format":"standard","meta":{"_lmt_disableupdate":"","_lmt_disable":"","_jetpack_memberships_contains_paid_content":false,"footnotes":""},"categories":[109,47],"tags":[],"class_list":["post-73201","post","type-post","status-publish","format-standard","has-post-thumbnail","hentry","category-minuto-a-minuto","category-zona-gris"],"jetpack_featured_media_url":"https:\/\/zonaroja.com.mx\/wp-content\/uploads\/2024\/10\/SRE-afirma-que-esta-en-contacto-con-familia-de-veracruzano-secuestrado-en-Yemen.jpeg","jetpack_sharing_enabled":true,"_links":{"self":[{"href":"https:\/\/zonaroja.com.mx\/index.php?rest_route=\/wp\/v2\/posts\/73201","targetHints":{"allow":["GET"]}}],"collection":[{"href":"https:\/\/zonaroja.com.mx\/index.php?rest_route=\/wp\/v2\/posts"}],"about":[{"href":"https:\/\/zonaroja.com.mx\/index.php?rest_route=\/wp\/v2\/types\/post"}],"author":[{"embeddable":true,"href":"https:\/\/zonaroja.com.mx\/index.php?rest_route=\/wp\/v2\/users\/2"}],"replies":[{"embeddable":true,"href":"https:\/\/zonaroja.com.mx\/index.php?rest_route=%2Fwp%2Fv2%2Fcomments&post=73201"}],"version-history":[{"count":1,"href":"https:\/\/zonaroja.com.mx\/index.php?rest_route=\/wp\/v2\/posts\/73201\/revisions"}],"predecessor-version":[{"id":73203,"href":"https:\/\/zonaroja.com.mx\/index.php?rest_route=\/wp\/v2\/posts\/73201\/revisions\/73203"}],"wp:featuredmedia":[{"embeddable":true,"href":"https:\/\/zonaroja.com.mx\/index.php?rest_route=\/wp\/v2\/media\/73202"}],"wp:attachment":[{"href":"https:\/\/zonaroja.com.mx\/index.php?rest_route=%2Fwp%2Fv2%2Fmedia&parent=73201"}],"wp:term":[{"taxonomy":"category","embeddable":true,"href":"https:\/\/zonaroja.com.mx\/index.php?rest_route=%2Fwp%2Fv2%2Fcategories&post=73201"},{"taxonomy":"post_tag","embeddable":true,"href":"https:\/\/zonaroja.com.mx\/index.php?rest_route=%2Fwp%2Fv2%2Ftags&post=73201"}],"curies":[{"name":"wp","href":"https:\/\/api.w.org\/{rel}","templated":true}]}}