{"id":73205,"date":"2024-10-07T17:46:36","date_gmt":"2024-10-07T23:46:36","guid":{"rendered":"https:\/\/zonaroja.com.mx\/?p=73205"},"modified":"2024-10-07T17:56:48","modified_gmt":"2024-10-07T23:56:48","slug":"ya-puede-estudiar-una-carreta-sobre-inteligencia-artificial-en-oaxaca","status":"publish","type":"post","link":"https:\/\/zonaroja.com.mx\/?p=73205","title":{"rendered":"\u00a1Ya puede estudiar una carrera sobre Inteligencia Artificial en Oaxaca!"},"content":{"rendered":"\n<p>Redacci\u00f3n\/Zona Roja.&nbsp;<\/p>\n\n\n\n<p>Oaxaca de Ju\u00e1rez, Oax., a 7 de octubre de 2024. El Colegio de Estudios Cient\u00edficos y Tecnol\u00f3gicos del Estado de Oaxaca (Cecyte) ofertar\u00e1, a partir de febrero del pr\u00f3ximo a\u00f1o, una nueva carrera t\u00e9cnica en Inteligencia Artificial (IA).<\/p>\n\n\n\n<p>Esta opci\u00f3n formativa coloca al subsistema educativo a la vanguardia en conocimientos y brinda herramientas necesarias para quienes la cursen, contin\u00faen con su formaci\u00f3n profesional o se incorporen al mercado laboral.<\/p>\n\n\n\n<p>La nueva carrera T\u00e9cnica en Inteligencia Artificial est\u00e1 dise\u00f1ada para ofrecer una formaci\u00f3n integral y avanzada en el uso de t\u00e9cnicas de procesamiento de informaci\u00f3n y representaci\u00f3n del conocimiento en diversos contextos.<\/p>\n\n\n\n<p>El alumnado aprender\u00e1 a desarrollar habilidades en \u00e1reas clave como el aprendizaje autom\u00e1tico, la optimizaci\u00f3n de procesos mediante redes neuronales artificiales y la generaci\u00f3n de soluciones tecnol\u00f3gicas sostenibles y as\u00ed, abordar desaf\u00edos del sector productivo con propuestas innovadoras y eficaces.<\/p>\n\n\n\n<p>El plantel 25 San Pablo Huixtepec, ser\u00e1 el Colegio que inicie con el primer grupo de esta carrera, la cual tendr\u00e1 una duraci\u00f3n de mil 500 horas de formaci\u00f3n, que incluye mil 200 horas de instrucci\u00f3n en aula y 300 horas de estudio independiente. La formaci\u00f3n se estructurar\u00e1 en seis m\u00f3dulos para un aprendizaje progresivo y profundo.<\/p>\n\n\n\n<p>La directora general del Cecyte, Blanca Mart\u00ednez asegur\u00f3 que, con el inicio de esta nueva carrera t\u00e9cnica, mantiene a este subsistema como una instituci\u00f3n que busca constantemente la excelencia acad\u00e9mica para que las y los egresados tengan oportunidades que les permita alcanzar sus metas laborales y personales.<\/p>\n","protected":false},"excerpt":{"rendered":"<p>Redacci\u00f3n\/Zona Roja.&nbsp; Oaxaca de Ju\u00e1rez, Oax., a 7 de octubre de 2024. El Colegio de&hellip;<\/p>\n","protected":false},"author":2,"featured_media":73206,"comment_status":"closed","ping_status":"open","sticky":false,"template":"","format":"standard","meta":{"_lmt_disableupdate":"","_lmt_disable":"","_jetpack_memberships_contains_paid_content":false,"footnotes":""},"categories":[109,46],"tags":[],"class_list":["post-73205","post","type-post","status-publish","format-standard","has-post-thumbnail","hentry","category-minuto-a-minuto","category-zona-blanca"],"jetpack_featured_media_url":"https:\/\/zonaroja.com.mx\/wp-content\/uploads\/2024\/10\/Inteligencia-Artificial.jpg","jetpack_sharing_enabled":true,"_links":{"self":[{"href":"https:\/\/zonaroja.com.mx\/index.php?rest_route=\/wp\/v2\/posts\/73205","targetHints":{"allow":["GET"]}}],"collection":[{"href":"https:\/\/zonaroja.com.mx\/index.php?rest_route=\/wp\/v2\/posts"}],"about":[{"href":"https:\/\/zonaroja.com.mx\/index.php?rest_route=\/wp\/v2\/types\/post"}],"author":[{"embeddable":true,"href":"https:\/\/zonaroja.com.mx\/index.php?rest_route=\/wp\/v2\/users\/2"}],"replies":[{"embeddable":true,"href":"https:\/\/zonaroja.com.mx\/index.php?rest_route=%2Fwp%2Fv2%2Fcomments&post=73205"}],"version-history":[{"count":2,"href":"https:\/\/zonaroja.com.mx\/index.php?rest_route=\/wp\/v2\/posts\/73205\/revisions"}],"predecessor-version":[{"id":73208,"href":"https:\/\/zonaroja.com.mx\/index.php?rest_route=\/wp\/v2\/posts\/73205\/revisions\/73208"}],"wp:featuredmedia":[{"embeddable":true,"href":"https:\/\/zonaroja.com.mx\/index.php?rest_route=\/wp\/v2\/media\/73206"}],"wp:attachment":[{"href":"https:\/\/zonaroja.com.mx\/index.php?rest_route=%2Fwp%2Fv2%2Fmedia&parent=73205"}],"wp:term":[{"taxonomy":"category","embeddable":true,"href":"https:\/\/zonaroja.com.mx\/index.php?rest_route=%2Fwp%2Fv2%2Fcategories&post=73205"},{"taxonomy":"post_tag","embeddable":true,"href":"https:\/\/zonaroja.com.mx\/index.php?rest_route=%2Fwp%2Fv2%2Ftags&post=73205"}],"curies":[{"name":"wp","href":"https:\/\/api.w.org\/{rel}","templated":true}]}}