{"id":73212,"date":"2024-10-07T20:18:09","date_gmt":"2024-10-08T02:18:09","guid":{"rendered":"https:\/\/zonaroja.com.mx\/?p=73212"},"modified":"2024-10-07T20:18:12","modified_gmt":"2024-10-08T02:18:12","slug":"vuelve-el-vandalismo-en-oaxaca-ahora-de-profesores-en-el-istmo","status":"publish","type":"post","link":"https:\/\/zonaroja.com.mx\/?p=73212","title":{"rendered":"Vuelve el vandalismo en Oaxaca, ahora de profesores en el Istmo"},"content":{"rendered":"\n<p>Ismael Garc\u00eda M.\/Zona Roja.<\/p>\n\n\n\n<p>Oaxaca de Ju\u00e1rez, Oax., a 7 de octubre de 2024.- Dos grupos de profesores que cursan estudios en la Universidad Pedag\u00f3gica Nacional (UPN) con sede en Ciudad Ixtepec, regi\u00f3n del Istmo, quemaron un autob\u00fas y cerraron la carretera que comunica con dicho municipio.<\/p>\n\n\n\n<p>La unidad de motor incendiada es de la instituci\u00f3n educativa, donde forman a docentes afiliados a la Secci\u00f3n 22 del SNTE, y presuntamente se deriv\u00f3 de un conflicto interno<\/p>\n\n\n\n<p>Adem\u00e1s, en el cierre de la vialidad, frente a las instalaciones del plantel, quemaron llantas durante toda la tarde.<\/p>\n\n\n\n<p>Supuestamente los inconformes demandan claridad en el manejo de los recursos recibidos por la UPN.<\/p>\n\n\n\n<p>En un escueto comunicado, el Instituto Estatal de Educaci\u00f3n P\u00fablica de Oaxaca conden\u00f3 los hechos vand\u00e1licos, \u201cque ponen en grave riesgo la estabilidad educativa del plantel en perjuicio de toda la comunidad escolar\u201d.<\/p>\n\n\n\n<p>Indic\u00f3 que las acciones de este lunes \u201crebasan los l\u00edmites de la tolerancia oficial, pues pudo (sic) tener consecuencias que van m\u00e1s all\u00e1 de lo material\u201d.<\/p>\n\n\n\n<p>Se limit\u00f3 a informar que se indagar\u00e1n \u201ccon transparencia\u201d los hechos para aplicar las sanciones correspondientes.<\/p>\n\n\n\n<p>Por su parte, un grupo de inconformes exigi\u00f3 una reuni\u00f3n con el titular del IEEPO, Emilio Montero P\u00e9rez, para solucionar la problem\u00e1tica.<\/p>\n\n\n\n<figure class=\"wp-block-embed is-type-rich is-provider-twitter wp-block-embed-twitter\"><div class=\"wp-block-embed__wrapper\">\n<div class=\"twitter-tweet\"><blockquote class=\"twitter-tweet\" data-lang=\"es\"><p lang=\"zxx\" dir=\"ltr\"><a href=\"https:\/\/t.co\/Ywxuwdxpkk\">pic.twitter.com\/Ywxuwdxpkk<\/a><\/p>&mdash; Zona Roja Oaxaca (@ZonaRoja_Oaxaca) <a href=\"https:\/\/twitter.com\/ZonaRoja_Oaxaca\/status\/1843413131521077501?ref_src=twsrc%5Etfw\">7 de octubre de 2024<\/a><\/blockquote><\/div>\n<\/div><\/figure>\n","protected":false},"excerpt":{"rendered":"<p>Ismael Garc\u00eda M.\/Zona Roja. Oaxaca de Ju\u00e1rez, Oax., a 7 de octubre de 2024.- Dos&hellip;<\/p>\n","protected":false},"author":2,"featured_media":73213,"comment_status":"closed","ping_status":"open","sticky":false,"template":"","format":"standard","meta":{"_lmt_disableupdate":"","_lmt_disable":"","_jetpack_memberships_contains_paid_content":false,"footnotes":""},"categories":[109,47],"tags":[2460],"class_list":["post-73212","post","type-post","status-publish","format-standard","has-post-thumbnail","hentry","category-minuto-a-minuto","category-zona-gris","tag-universidad-pedagogica-nacional-unidad-oaxaca"],"jetpack_featured_media_url":"https:\/\/zonaroja.com.mx\/wp-content\/uploads\/2024\/10\/Quema-autobus-UPN-Ciudad-Ixtepec.jpg","jetpack_sharing_enabled":true,"_links":{"self":[{"href":"https:\/\/zonaroja.com.mx\/index.php?rest_route=\/wp\/v2\/posts\/73212","targetHints":{"allow":["GET"]}}],"collection":[{"href":"https:\/\/zonaroja.com.mx\/index.php?rest_route=\/wp\/v2\/posts"}],"about":[{"href":"https:\/\/zonaroja.com.mx\/index.php?rest_route=\/wp\/v2\/types\/post"}],"author":[{"embeddable":true,"href":"https:\/\/zonaroja.com.mx\/index.php?rest_route=\/wp\/v2\/users\/2"}],"replies":[{"embeddable":true,"href":"https:\/\/zonaroja.com.mx\/index.php?rest_route=%2Fwp%2Fv2%2Fcomments&post=73212"}],"version-history":[{"count":1,"href":"https:\/\/zonaroja.com.mx\/index.php?rest_route=\/wp\/v2\/posts\/73212\/revisions"}],"predecessor-version":[{"id":73214,"href":"https:\/\/zonaroja.com.mx\/index.php?rest_route=\/wp\/v2\/posts\/73212\/revisions\/73214"}],"wp:featuredmedia":[{"embeddable":true,"href":"https:\/\/zonaroja.com.mx\/index.php?rest_route=\/wp\/v2\/media\/73213"}],"wp:attachment":[{"href":"https:\/\/zonaroja.com.mx\/index.php?rest_route=%2Fwp%2Fv2%2Fmedia&parent=73212"}],"wp:term":[{"taxonomy":"category","embeddable":true,"href":"https:\/\/zonaroja.com.mx\/index.php?rest_route=%2Fwp%2Fv2%2Fcategories&post=73212"},{"taxonomy":"post_tag","embeddable":true,"href":"https:\/\/zonaroja.com.mx\/index.php?rest_route=%2Fwp%2Fv2%2Ftags&post=73212"}],"curies":[{"name":"wp","href":"https:\/\/api.w.org\/{rel}","templated":true}]}}