{"id":73221,"date":"2024-10-08T07:06:01","date_gmt":"2024-10-08T13:06:01","guid":{"rendered":"https:\/\/zonaroja.com.mx\/?p=73221"},"modified":"2024-10-08T07:06:02","modified_gmt":"2024-10-08T13:06:02","slug":"detiene-la-fiscalia-a-presunto-asaltante-en-la-ciudad-de-oaxaca","status":"publish","type":"post","link":"https:\/\/zonaroja.com.mx\/?p=73221","title":{"rendered":"Detiene la Fiscal\u00eda a presunto asaltante en la ciudad de Oaxaca"},"content":{"rendered":"\n<p>Redacci\u00f3n\/Zona Roja.&nbsp;<\/p>\n\n\n\n<p>Oaxaca de Ju\u00e1rez, Oax., a 8 de octubre de 2024.- La Fiscal\u00eda general del Estado de Oaxaca (FGEO), a trav\u00e9s de elementos de la Agencia Estatal de Investigaciones, logr\u00f3 la detenci\u00f3n de una persona del sexo masculino identificada como J. V. S., luego de que fuera denunciado por cometer un asalto a un ciudadano en calles del Centro Hist\u00f3rico de la ciudad de Oaxaca.<\/p>\n\n\n\n<p>De acuerdo con la denuncia, el robo ocurri\u00f3 la ma\u00f1ana del 2 de octubre de 2024 en la calle de Galeana esquina con Guadalupe Victoria en el Centro Hist\u00f3rico de la ciudad, donde el imputado intercept\u00f3 a la v\u00edctima, identificado como J. U. L. G., y con un arma punzo-cortante (cuchillo) lo amenaz\u00f3 para enseguida despojarlo de sus pertenencias.<\/p>\n\n\n\n<p>La detenci\u00f3n de J. V. S. ocurri\u00f3 metros m\u00e1s adelante realizada por agentes Estatales de Investigaci\u00f3n, cuando efectuaban recorridos de disuasi\u00f3n y vigilancia, as\u00ed como actos de investigaci\u00f3n en inmediaciones de la Central de Abasto.<\/p>\n\n\n\n<p>Al detener a la persona, durante la inspecci\u00f3n, los agentes hallaron un arma punzo-cortante, dinero en efectivo y un tel\u00e9fono celular, objetos que fueron integrados como parte de las investigaciones ministeriales.<\/p>\n\n\n\n<p>Adem\u00e1s, al cotejar los datos de la persona detenida con las pruebas integradas en otras investigaciones, observaron que tambi\u00e9n podr\u00eda estar relacionado con el reciente robo de un perro que se encontraba dentro de una transportadora de mascotas, la cual se hallaba arriba de la batea de una camioneta estacionada en calles del Centro Hist\u00f3rico de la ciudad.<\/p>\n\n\n\n<p>Ante estos hechos, el detenido fue puesto a disposici\u00f3n del ministerio p\u00fablico adscrito a la Vicefiscal\u00eda Regional de los Valles Centrales para determinar su situaci\u00f3n legal.<\/p>\n\n\n\n<p>VINCULADO A PROCES<\/p>\n\n\n\n<p>En otro caso y como parte de la estrategia de cero tolerancia a delitos contra la mujer por raz\u00f3n de g\u00e9nero, la Fiscal\u00eda General obtuvo auto de vinculaci\u00f3n a proceso y prisi\u00f3n preventiva en contra de una persona del sexo masculino identificada como C. E. M. M., por el delito de Violencia Familiar cometido en la regi\u00f3n de los Valles Centrales.<\/p>\n\n\n\n<p>De acuerdo con el expediente penal del caso, la v\u00edctima identificada como D. K. H. T. -pareja del imputado-, fue agredida de manera verbal y f\u00edsica en diferentes ocasiones durante el mes de abril de 2024, en un domicilio ubicado en San Francisco Tutla, perteneciente al municipio de Santa Luc\u00eda del Camino. Adem\u00e1s, la investigaci\u00f3n revela que, en reiteradas ocasiones, la v\u00edctima sufri\u00f3 violencia durante el desarrollo de su relaci\u00f3n.<\/p>\n\n\n\n<p>Ante estos hechos, la FGEO tom\u00f3 conocimiento del caso y, a trav\u00e9s de la Fiscal\u00eda Especializada para la Atenci\u00f3n de Delitos contra la Mujer por Raz\u00f3n de G\u00e9nero, obtuvo una orden de aprehensi\u00f3n contra C.E.M.M., quien fue detenido por elementos de la Agencia Estatal de Investigaciones (AEI) para luego llevarlo ante el juzgado correspondiente.<\/p>\n\n\n\n<p>Una vez presentado ante la autoridad competente y tras aportar las pruebas ministeriales, el Juez que atiende la causa dict\u00f3 auto de vinculaci\u00f3n a proceso en contra de C.E.M.M., por el delito de violencia familiar e impuso la medida cautelar de prisi\u00f3n preventiva justificada, adem\u00e1s de otorgar dos meses para el cierre de la investigaci\u00f3n complementaria.<\/p>\n","protected":false},"excerpt":{"rendered":"<p>Redacci\u00f3n\/Zona Roja.&nbsp; Oaxaca de Ju\u00e1rez, Oax., a 8 de octubre de 2024.- La Fiscal\u00eda general&hellip;<\/p>\n","protected":false},"author":2,"featured_media":73222,"comment_status":"closed","ping_status":"open","sticky":false,"template":"","format":"standard","meta":{"_lmt_disableupdate":"","_lmt_disable":"","_jetpack_memberships_contains_paid_content":false,"footnotes":""},"categories":[109,46],"tags":[494],"class_list":["post-73221","post","type-post","status-publish","format-standard","has-post-thumbnail","hentry","category-minuto-a-minuto","category-zona-blanca","tag-fiscalia-general-del-estado-de-oaxaca"],"jetpack_featured_media_url":"https:\/\/zonaroja.com.mx\/wp-content\/uploads\/2024\/10\/Detenido-centro-de-la-cudad-de-Oaxaca.jpg","jetpack_sharing_enabled":true,"_links":{"self":[{"href":"https:\/\/zonaroja.com.mx\/index.php?rest_route=\/wp\/v2\/posts\/73221","targetHints":{"allow":["GET"]}}],"collection":[{"href":"https:\/\/zonaroja.com.mx\/index.php?rest_route=\/wp\/v2\/posts"}],"about":[{"href":"https:\/\/zonaroja.com.mx\/index.php?rest_route=\/wp\/v2\/types\/post"}],"author":[{"embeddable":true,"href":"https:\/\/zonaroja.com.mx\/index.php?rest_route=\/wp\/v2\/users\/2"}],"replies":[{"embeddable":true,"href":"https:\/\/zonaroja.com.mx\/index.php?rest_route=%2Fwp%2Fv2%2Fcomments&post=73221"}],"version-history":[{"count":1,"href":"https:\/\/zonaroja.com.mx\/index.php?rest_route=\/wp\/v2\/posts\/73221\/revisions"}],"predecessor-version":[{"id":73223,"href":"https:\/\/zonaroja.com.mx\/index.php?rest_route=\/wp\/v2\/posts\/73221\/revisions\/73223"}],"wp:featuredmedia":[{"embeddable":true,"href":"https:\/\/zonaroja.com.mx\/index.php?rest_route=\/wp\/v2\/media\/73222"}],"wp:attachment":[{"href":"https:\/\/zonaroja.com.mx\/index.php?rest_route=%2Fwp%2Fv2%2Fmedia&parent=73221"}],"wp:term":[{"taxonomy":"category","embeddable":true,"href":"https:\/\/zonaroja.com.mx\/index.php?rest_route=%2Fwp%2Fv2%2Fcategories&post=73221"},{"taxonomy":"post_tag","embeddable":true,"href":"https:\/\/zonaroja.com.mx\/index.php?rest_route=%2Fwp%2Fv2%2Ftags&post=73221"}],"curies":[{"name":"wp","href":"https:\/\/api.w.org\/{rel}","templated":true}]}}