{"id":7323,"date":"2020-01-05T11:11:42","date_gmt":"2020-01-05T17:11:42","guid":{"rendered":"http:\/\/www.zonaroja.com.mx\/?p=7323"},"modified":"2020-01-05T08:50:24","modified_gmt":"2020-01-05T14:50:24","slug":"denuncian-violencia-politica-de-genero-en-santiago-del-rio-oaxaca","status":"publish","type":"post","link":"https:\/\/zonaroja.com.mx\/?p=7323","title":{"rendered":"Denuncian violencia pol\u00edtica de g\u00e9nero en Santiago del R\u00edo, Oaxaca"},"content":{"rendered":"\n<p>Evlin\nArag\u00f3n\/Zona Roja.<\/p>\n\n\n\n<p>Oaxaca\nde Ju\u00e1rez, Oax., 5 de enero de 2020.- \u201cEn esta terna (por la presidencia) no\npueden participar mujeres\u201d fueron las palabras textuales hacia Lourdes Gonz\u00e1lez\nL\u00f3pez, quien en noviembre del 2019 busc\u00f3 representar a su comunidad Santiago\ndel R\u00edo, perteneciente a la regi\u00f3n Mixteca.<\/p>\n\n\n\n<p>Sin\nembargom su condici\u00f3n de g\u00e9nero le impidi\u00f3 ser tomada en cuenta, violentando\nas\u00ed sus derechos pol\u00edticos electorales.<\/p>\n\n\n\n<p>As\u00ed\nlo relata en entrevista la mujer, quien asegur\u00f3 que la primera elecci\u00f3n\nrealizada en la comunidad se llev\u00f3 a cabo con una serie de irregularidades,\ndentro de las que destacan la imposici\u00f3n de una terna, la prohibici\u00f3n de que\nuna mujer participara, la falta de qu\u00f3rum, as\u00ed como los \u00e1nimos muy agitados,\npor lo que la autoridad decidi\u00f3 suspenderla.<\/p>\n\n\n\n<p>No\nobstante, quienes encabezaron la terna, que buscaba imponerse, continuaron con\nel proceso y se autonombr\u00f3 como nueva autoridad electa, situaci\u00f3n que hicieron\nde conocimiento del Instituto Estatal Electoral y de Participaci\u00f3n Ciudadana\n(IEEPCO), que explic\u00f3 que era facultad de la autoridad municipal convocar a una\nnueva elecci\u00f3n.<\/p>\n\n\n\n<p>Raz\u00f3n\npor la que siguiendo todos los lineamientos, se convoc\u00f3 a una segunda elecci\u00f3n\nque se llev\u00f3 a cabo el 1 de diciembre, en donde Lourdes Gonz\u00e1lez s\u00ed particip\u00f3 y\nresulto ganadora, siendo la primera vez que una mujer fue electa como\npresidenta municipal en la localidad, hist\u00f3ricamente gobernada por varones\nmediante sus usos y costumbres.<\/p>\n\n\n\n<p>Pero\nesta segunda elecci\u00f3n no fue reconocida por el Instituto Estatal Electoral y de\nParticipaci\u00f3n Ciudadana (IEEPCO) pese a que se cubrieron todos los requisitos\nincluso el acta firmada por la autoridad municipal saliente, el Comisariado de\nBienes Comunales y la Mesa de de Debate, que respaldaron el proceso electoral,\ny por el contrario se dio el triunfo a Leoncio Navarrete Carrasco, quien tomo\nprotesta como autoridad el pasado 1 de enero.<\/p>\n\n\n\n<p>De\nacuerdo con la denunciante, la violaci\u00f3n a sus derechos pol\u00edticos electorales\nse dio por parte de quienes no le permitieron participar en la primera elecci\u00f3n\nque fue suspendida, y por las autoridades del IEEPCO que no reconocen las\nirregularidades de la misma, ni su triunfo en una segunda elecci\u00f3n que cumpli\u00f3\ncon lo que establecen los usos y costumbres de la localidad.<\/p>\n\n\n\n<p>\u201cQuiero\nque se conozca el caso, que sea como una denuncia social en la que quede\nconstancia de que continua la violencia pol\u00edtica de g\u00e9nero, incluso por las\nautoridades electorales como el IEEPCO. Yo fui discriminada al respecto de mi\nparticipaci\u00f3n\u201d, dijo.<\/p>\n\n\n\n<p>A\nla par que detall\u00f3 que aunque hizo presencia ante el IEEPCO con el respaldo de\nun grupo de pobladores, sus dichos no fueron tomados en cuenta bajo el\nargumento de ser carentes de pruebas.<\/p>\n\n\n\n<p>Y\naunque las personas autonombradas s\u00ed son de la localidad, Gonz\u00e1lez L\u00f3pez\ndetall\u00f3 que nunca han estado al servicio de la misma por lo que considera que\nson otros intereses, incluso personas externas las que mueven su insistencia en\nel cargo, tal es el caso de una diputada federal por Morena, de quien evit\u00f3 dar\nel nombre por no contar con pruebas f\u00edsicas al respecto y temor a represalias.<\/p>\n\n\n\n<p>Santiago\ndel R\u00edo es un municipio que se rige por Sistemas Normativos Ind\u00edgenas y\npertenece al distrito de Silacayoapan, en la regi\u00f3n Mixteca del estado; se\nlocaliza a unos 280 kil\u00f3metros de la capital.<\/p>\n","protected":false},"excerpt":{"rendered":"<p>Evlin Arag\u00f3n\/Zona Roja. Oaxaca de Ju\u00e1rez, Oax., 5 de enero de 2020.- \u201cEn esta terna&hellip;<\/p>\n","protected":false},"author":2,"featured_media":7324,"comment_status":"closed","ping_status":"open","sticky":false,"template":"","format":"standard","meta":{"_lmt_disableupdate":"","_lmt_disable":"","_jetpack_memberships_contains_paid_content":false,"footnotes":""},"categories":[109,47],"tags":[1241,1240],"class_list":["post-7323","post","type-post","status-publish","format-standard","has-post-thumbnail","hentry","category-minuto-a-minuto","category-zona-gris","tag-lourdes-gonzalez-lopez","tag-santiago-del-rio"],"jetpack_featured_media_url":"https:\/\/zonaroja.com.mx\/wp-content\/uploads\/2020\/01\/Santiago-del-R\u00edo.jpg","jetpack_sharing_enabled":true,"_links":{"self":[{"href":"https:\/\/zonaroja.com.mx\/index.php?rest_route=\/wp\/v2\/posts\/7323","targetHints":{"allow":["GET"]}}],"collection":[{"href":"https:\/\/zonaroja.com.mx\/index.php?rest_route=\/wp\/v2\/posts"}],"about":[{"href":"https:\/\/zonaroja.com.mx\/index.php?rest_route=\/wp\/v2\/types\/post"}],"author":[{"embeddable":true,"href":"https:\/\/zonaroja.com.mx\/index.php?rest_route=\/wp\/v2\/users\/2"}],"replies":[{"embeddable":true,"href":"https:\/\/zonaroja.com.mx\/index.php?rest_route=%2Fwp%2Fv2%2Fcomments&post=7323"}],"version-history":[{"count":1,"href":"https:\/\/zonaroja.com.mx\/index.php?rest_route=\/wp\/v2\/posts\/7323\/revisions"}],"predecessor-version":[{"id":7325,"href":"https:\/\/zonaroja.com.mx\/index.php?rest_route=\/wp\/v2\/posts\/7323\/revisions\/7325"}],"wp:featuredmedia":[{"embeddable":true,"href":"https:\/\/zonaroja.com.mx\/index.php?rest_route=\/wp\/v2\/media\/7324"}],"wp:attachment":[{"href":"https:\/\/zonaroja.com.mx\/index.php?rest_route=%2Fwp%2Fv2%2Fmedia&parent=7323"}],"wp:term":[{"taxonomy":"category","embeddable":true,"href":"https:\/\/zonaroja.com.mx\/index.php?rest_route=%2Fwp%2Fv2%2Fcategories&post=7323"},{"taxonomy":"post_tag","embeddable":true,"href":"https:\/\/zonaroja.com.mx\/index.php?rest_route=%2Fwp%2Fv2%2Ftags&post=7323"}],"curies":[{"name":"wp","href":"https:\/\/api.w.org\/{rel}","templated":true}]}}