{"id":73248,"date":"2024-10-08T18:35:00","date_gmt":"2024-10-09T00:35:00","guid":{"rendered":"https:\/\/zonaroja.com.mx\/?p=73248"},"modified":"2024-10-08T18:35:01","modified_gmt":"2024-10-09T00:35:01","slug":"protestan-policias-en-oaxaca-y-usan-a-comerciantes-para-bloquear","status":"publish","type":"post","link":"https:\/\/zonaroja.com.mx\/?p=73248","title":{"rendered":"Protestan polic\u00edas en Oaxaca y usan a comerciantes para bloquear"},"content":{"rendered":"\n<p>Ismael Garc\u00eda M.\/Zona Roja.<\/p>\n\n\n\n<p>Oaxaca de Ju\u00e1rez, Oax.,a 8 de octubre de 2024.- Polic\u00edas municipales de Oaxaca de Ju\u00e1rez protestaron por varias horas en la capital, por el supuesto despido de unos 170 elementos que no pasaron los controles de confianza.<\/p>\n\n\n\n<p>Para obligar a las autoridades a entablar una mesa de trabajo, recurrieron a comerciantes del Mercado de Abasto, quienes al mediod\u00eda se apoderaron de dos camiones del transporte de pasajeros y los atravesaron por varias horas en el cruce de las calles Crespo y Morelos.<\/p>\n\n\n\n<p>Asimismo, retuvieron a los choferes de las unidades y les quitaron las llaves; otro grupo se apost\u00f3 en el acceso principal al Palacio Municipal, donde se hicieron pasar por familiares de los polic\u00edas.<\/p>\n\n\n\n<p>Mientras tanto, en el interior del inmueble se desarrollaba una reuni\u00f3n de trabajo con autoridades municipales, para atender las quejas.<\/p>\n\n\n\n<p>La inconformidad inici\u00f3 desde la ma\u00f1ana de este martes, al congregarse los elementos en la Plaza de la Danza; para presionar a una reuni\u00f3n, ingresaron al palacio municipal, que pretendieron \u201ctomar\u201d.<\/p>\n\n\n\n<p>De acuerdo con el polic\u00eda Omar Ram\u00edrez L\u00f3pez, la protesta inici\u00f3 ante el probable despido de cerca de 200 elementos, bajo el argumento de que hay requerimientos del Secretariado Ejecutivo del Sistema Estatal de Seguridad P\u00fablica, para iniciar las bajas.<\/p>\n\n\n\n<p>Seg\u00fan el uniformado, la determinaci\u00f3n es violatoria a sus derechos y por lo cual demandaban una reuni\u00f3n de trabajo; de darse las bajas, deber\u00edan darles la indemnizaci\u00f3n correspondiente, dijo.<\/p>\n\n\n\n<p>Por la tarde, tras una mesa de di\u00e1logo con las autoridades municipales, se desactivo la protesta y, seg\u00fan una minuta le\u00edda por un polic\u00eda, se tom\u00f3 la determinaci\u00f3n de cancelar el procedimiento de bajas.<\/p>\n\n\n\n<p>\u201cA partir de esta fecha no se notificar\u00e1 ning\u00fan inicio de procedimiento ante la Comisi\u00f3n de Honor y Justicia, relacionada con la no aprobaci\u00f3n del examen de control y confianza\u201d, dice uno de los acuerdos; de los casos ya iniciados ser\u00e1n suspendidos.<\/p>\n\n\n\n<figure class=\"wp-block-embed is-type-rich is-provider-twitter wp-block-embed-twitter\"><div class=\"wp-block-embed__wrapper\">\n<div class=\"twitter-tweet\"><blockquote class=\"twitter-tweet\" data-lang=\"es\"><p lang=\"es\" dir=\"ltr\"><a href=\"https:\/\/twitter.com\/hashtag\/%C3%9AltimoMinuto?src=hash&amp;ref_src=twsrc%5Etfw\">#\u00daltimoMinuto<\/a><br>Comerciantes de la Central de Abasto, que se dicen familiares de polic\u00edas, bloquean la puerta principal del palacio municipal de Oaxaca de Ju\u00e1rez, donde se lleva a cabo una reuni\u00f3n de trabajo con uniformados, que supuestamente ser\u00e1n despedidos por no cumplir con los\u2026 <a href=\"https:\/\/t.co\/87QPi4T4PX\">pic.twitter.com\/87QPi4T4PX<\/a><\/p>&mdash; Zona Roja Oaxaca (@ZonaRoja_Oaxaca) <a href=\"https:\/\/twitter.com\/ZonaRoja_Oaxaca\/status\/1843735956266070220?ref_src=twsrc%5Etfw\">8 de octubre de 2024<\/a><\/blockquote><\/div>\n<\/div><\/figure>\n","protected":false},"excerpt":{"rendered":"<p>Ismael Garc\u00eda M.\/Zona Roja. Oaxaca de Ju\u00e1rez, Oax.,a 8 de octubre de 2024.- Polic\u00edas municipales&hellip;<\/p>\n","protected":false},"author":2,"featured_media":73249,"comment_status":"closed","ping_status":"open","sticky":false,"template":"","format":"standard","meta":{"_lmt_disableupdate":"","_lmt_disable":"","_jetpack_memberships_contains_paid_content":false,"footnotes":""},"categories":[109,47],"tags":[288],"class_list":["post-73248","post","type-post","status-publish","format-standard","has-post-thumbnail","hentry","category-minuto-a-minuto","category-zona-gris","tag-paro-de-policias-municipales"],"jetpack_featured_media_url":"https:\/\/zonaroja.com.mx\/wp-content\/uploads\/2024\/10\/Paro-policias-ciudad-de-Oaxaca.jpeg","jetpack_sharing_enabled":true,"_links":{"self":[{"href":"https:\/\/zonaroja.com.mx\/index.php?rest_route=\/wp\/v2\/posts\/73248","targetHints":{"allow":["GET"]}}],"collection":[{"href":"https:\/\/zonaroja.com.mx\/index.php?rest_route=\/wp\/v2\/posts"}],"about":[{"href":"https:\/\/zonaroja.com.mx\/index.php?rest_route=\/wp\/v2\/types\/post"}],"author":[{"embeddable":true,"href":"https:\/\/zonaroja.com.mx\/index.php?rest_route=\/wp\/v2\/users\/2"}],"replies":[{"embeddable":true,"href":"https:\/\/zonaroja.com.mx\/index.php?rest_route=%2Fwp%2Fv2%2Fcomments&post=73248"}],"version-history":[{"count":1,"href":"https:\/\/zonaroja.com.mx\/index.php?rest_route=\/wp\/v2\/posts\/73248\/revisions"}],"predecessor-version":[{"id":73250,"href":"https:\/\/zonaroja.com.mx\/index.php?rest_route=\/wp\/v2\/posts\/73248\/revisions\/73250"}],"wp:featuredmedia":[{"embeddable":true,"href":"https:\/\/zonaroja.com.mx\/index.php?rest_route=\/wp\/v2\/media\/73249"}],"wp:attachment":[{"href":"https:\/\/zonaroja.com.mx\/index.php?rest_route=%2Fwp%2Fv2%2Fmedia&parent=73248"}],"wp:term":[{"taxonomy":"category","embeddable":true,"href":"https:\/\/zonaroja.com.mx\/index.php?rest_route=%2Fwp%2Fv2%2Fcategories&post=73248"},{"taxonomy":"post_tag","embeddable":true,"href":"https:\/\/zonaroja.com.mx\/index.php?rest_route=%2Fwp%2Fv2%2Ftags&post=73248"}],"curies":[{"name":"wp","href":"https:\/\/api.w.org\/{rel}","templated":true}]}}