{"id":73251,"date":"2024-10-08T19:51:14","date_gmt":"2024-10-09T01:51:14","guid":{"rendered":"https:\/\/zonaroja.com.mx\/?p=73251"},"modified":"2024-10-08T19:51:16","modified_gmt":"2024-10-09T01:51:16","slug":"custodiado-por-militares-y-con-helicopteros-sobrevolando-harfuch-visita-culiacan","status":"publish","type":"post","link":"https:\/\/zonaroja.com.mx\/?p=73251","title":{"rendered":"Custodiado por militares y con helic\u00f3pteros sobrevolando, Harfuch visita Culiac\u00e1n"},"content":{"rendered":"\n<p>Redacci\u00f3n\/Zona Roja Cdmx.<\/p>\n\n\n\n<p>Ciudad de M\u00e9xico, a 8 de octubre de 2024.- A pie, pero custodiados por un convoy militar, as\u00ed fueron captados los altos mandos del gabinete de seguridad de la presidenta Claudia Sheinbaum por las calles de Culiac\u00e1n, Sinaloa, al frente de todos iba Omar Garc\u00eda Harfuch, secretario de Seguridad y Participaci\u00f3n Ciudadana (SSPC).<\/p>\n\n\n\n<p>En las im\u00e1genes que circularon en redes sociales se aprecia a Garc\u00eda Harfuch junto a Ricardo Trevilla Trejo, titular de la Secretar\u00eda de la Defensa Nacional (Sedena), mientras caminan custodiados por un grupo de al menos 20 militares a pie, al menos tres camionetas del Ej\u00e9rcito Mexicano y dos autos blindados tipo tanqueta.<\/p>\n\n\n\n<p>Adem\u00e1s del desfile militar que encabezaron Garc\u00eda Harfuch y Trevilla Trejo, minutos antes de qu\u00e9 estos fueran captados por las calles de Culiac\u00e1n, dos helic\u00f3pteros Black Hawk del Ej\u00e9rcito fueron captados realizando vuelos por varias zonas de la capital sinaloense.<\/p>\n\n\n\n<p>El convoy militar que cuid\u00f3 a los jefes m\u00e1ximos del gabinete de seguridad los acompa\u00f1\u00f3 hasta las instalaciones de la Novena Zona Militar, donde mantuvieron una reuni\u00f3n con el gobernador de Sinaloa, Rub\u00e9n Rocha Moya.<\/p>\n\n\n\n<p>Tras la reuni\u00f3n, las autoridades de Sinaloa confirmaron que se reforzar\u00e1 la estrategia de seguridad en la entidad con el env\u00edo de m\u00e1s elementos de la Guardia Nacional destacados en municipios aleda\u00f1os y con integrantes de las Fuerzas Especiales del Ej\u00e9rcito Mexicano.<\/p>\n\n\n\n<p>LA GUERRA<\/p>\n\n\n\n<p>A pesar de que la guerra entre las facciones de Los Chapitos y La Mayiza increment\u00f3 de manera sustancial los homicidios dolosos en Sinaloa, en sus primeras apariciones como presidenta, Claudia Sheinbaum descart\u00f3 que la entidad cuna de ambos grupos criminales sea de las m\u00e1s violentas del pa\u00eds.<\/p>\n\n\n\n<p>En su comparativa de homicidios dolosos cometidos entre enero y septiembre de 2024, el gobierno federal resalt\u00f3 a Guanajuato como la entidad m\u00e1s violenta del pa\u00eds, con un total de 2 mil 276 cr\u00edmenes; le siguen Baja California (mil 779), Estado de M\u00e9xico (mil 768), Chihuahua (mil 495) y Jalisco (mil 415); Sinaloa figura hasta el puesto 19, con un total de 463 asesinatos registrados en los primeros nueve meses del a\u00f1o.<\/p>\n\n\n\n<p>Sin embargo, el caso particular de la violencia en Sinaloa cambi\u00f3 el 25 de julio de 2024, cuando se report\u00f3 la detenci\u00f3n de Ismael El Mayo Zambada, quien -seg\u00fan una de las hip\u00f3tesis m\u00e1s fuertes- habr\u00eda sido secuestrado tras una traici\u00f3n de Los Chapitos y llevado a Estados Unidos en un avi\u00f3n privado junto a Joaqu\u00edn Guzm\u00e1n L\u00f3pez.<\/p>\n\n\n\n<p>El estallido de la guerra se produjo el 9 de septiembre pasado, cuando se registraron los primeros asesinatos de personas en Culiac\u00e1n con tintes de una guerra. Desde ese momento se han documentado 158 homicidios dolosos -con corte al 7 de octubre-, seg\u00fan datos recogidos por la Fiscal\u00eda General de Justicia (FGJ) de Sinaloa.<\/p>\n\n\n\n<p>(Informaci\u00f3n de Infobae M\u00e9xico)<\/p>\n","protected":false},"excerpt":{"rendered":"<p>Redacci\u00f3n\/Zona Roja Cdmx. Ciudad de M\u00e9xico, a 8 de octubre de 2024.- A pie, pero&hellip;<\/p>\n","protected":false},"author":2,"featured_media":73252,"comment_status":"closed","ping_status":"open","sticky":false,"template":"","format":"standard","meta":{"_lmt_disableupdate":"","_lmt_disable":"","_jetpack_memberships_contains_paid_content":false,"footnotes":""},"categories":[109,47],"tags":[1335],"class_list":["post-73251","post","type-post","status-publish","format-standard","has-post-thumbnail","hentry","category-minuto-a-minuto","category-zona-gris","tag-culiacan-sinaloa"],"jetpack_featured_media_url":"https:\/\/zonaroja.com.mx\/wp-content\/uploads\/2024\/10\/Harfuch-en-Culiacan-Sinaloa.jpg.avif","jetpack_sharing_enabled":true,"_links":{"self":[{"href":"https:\/\/zonaroja.com.mx\/index.php?rest_route=\/wp\/v2\/posts\/73251","targetHints":{"allow":["GET"]}}],"collection":[{"href":"https:\/\/zonaroja.com.mx\/index.php?rest_route=\/wp\/v2\/posts"}],"about":[{"href":"https:\/\/zonaroja.com.mx\/index.php?rest_route=\/wp\/v2\/types\/post"}],"author":[{"embeddable":true,"href":"https:\/\/zonaroja.com.mx\/index.php?rest_route=\/wp\/v2\/users\/2"}],"replies":[{"embeddable":true,"href":"https:\/\/zonaroja.com.mx\/index.php?rest_route=%2Fwp%2Fv2%2Fcomments&post=73251"}],"version-history":[{"count":1,"href":"https:\/\/zonaroja.com.mx\/index.php?rest_route=\/wp\/v2\/posts\/73251\/revisions"}],"predecessor-version":[{"id":73253,"href":"https:\/\/zonaroja.com.mx\/index.php?rest_route=\/wp\/v2\/posts\/73251\/revisions\/73253"}],"wp:featuredmedia":[{"embeddable":true,"href":"https:\/\/zonaroja.com.mx\/index.php?rest_route=\/wp\/v2\/media\/73252"}],"wp:attachment":[{"href":"https:\/\/zonaroja.com.mx\/index.php?rest_route=%2Fwp%2Fv2%2Fmedia&parent=73251"}],"wp:term":[{"taxonomy":"category","embeddable":true,"href":"https:\/\/zonaroja.com.mx\/index.php?rest_route=%2Fwp%2Fv2%2Fcategories&post=73251"},{"taxonomy":"post_tag","embeddable":true,"href":"https:\/\/zonaroja.com.mx\/index.php?rest_route=%2Fwp%2Fv2%2Ftags&post=73251"}],"curies":[{"name":"wp","href":"https:\/\/api.w.org\/{rel}","templated":true}]}}