{"id":73254,"date":"2024-10-08T21:24:48","date_gmt":"2024-10-09T03:24:48","guid":{"rendered":"https:\/\/zonaroja.com.mx\/?p=73254"},"modified":"2024-10-08T21:24:50","modified_gmt":"2024-10-09T03:24:50","slug":"comunidades-denuncian-omision-de-la-profepa-ante-la-contaminacion-de-minera-cuzcatlan","status":"publish","type":"post","link":"https:\/\/zonaroja.com.mx\/?p=73254","title":{"rendered":"Comunidades denuncian omisi\u00f3n de la Profepa ante la contaminaci\u00f3n de minera Cuzcatl\u00e1n"},"content":{"rendered":"\n<p>Raymundo Morales\/Zona Roja.<\/p>\n\n\n\n<p>Oaxaca de Ju\u00e1rez, Oax., a 8 de octubre de 2024.- Por segunda ocasi\u00f3n, la compa\u00f1\u00eda minera Cuzcatl\u00e1n contamin\u00f3 un arroyo en comunidades del distrito de Ocotl\u00e1n y, en lugar de supervisar la zona, la Profepa opt\u00f3 por tomar como veraz la descalificaci\u00f3n de dicha empresa de origen canadiense.<\/p>\n\n\n\n<p>As\u00ed lo denunciaron este martes autoridades municipales y agrarias aglutinadas en el Frente No a la Miner\u00eda por un Futuro de Todas y Todos, quienes reiteraron que las aguas del arroyo \u201cEl Coyote\u201d, que cruza por Magdalena Ocotl\u00e1n, presenta una coloraci\u00f3n anormal, por lo que exigen la presencia de la dependencia federal.<\/p>\n\n\n\n<p>En conferencia de prensa en la capital, se\u00f1alaron que los d\u00edas 24 y 25 de septiembre, las autoridades municipales de Magdalena Ocotl\u00e1n y San Mat\u00edas Chilazoa realizaron recorridos en las inmediaciones del proyecto minero \u201cSan Jos\u00e9\u201d, ante denuncias p\u00fablicas que hicieron ciudadanas y ciudadanos sobre un nuevo derrame de la presa de jales secos de la compa\u00f1\u00eda minera Cuzcatl\u00e1n, propiedad de la empresa canadiense Fortuna Mining, antes Fortuna Silver Mines.&nbsp;<\/p>\n\n\n\n<p>\u201cAnte estos hechos, las autoridades constataron y documentaron la presencia de sedimentos de color blanquecino con espuma anormal, lo cual cambi\u00f3 la composici\u00f3n del agua de dicho arroyo.<\/p>\n\n\n\n<p>\u201cPosteriormente las autoridades presentamos una denuncia ante Profepa, Semarnat y Conagua, el d\u00eda 26 de septiembre de 2024. En lugar de presentarse y recabar informaci\u00f3n de primera mano con las autoridades demandantes, la Profepa difundi\u00f3 un comunicado, el d\u00eda 30 de septiembre, en el que informa que inspectores federales acudieron a la mina \u2018San Jos\u00e9\u2019 para verificar la operaci\u00f3n normal del dep\u00f3sito de jales secos\u201d, se\u00f1alaron.<\/p>\n\n\n\n<p>Recriminaron que el comunicado de la Profepa carece de una investigaci\u00f3n exhaustiva sobre la contaminaci\u00f3n, lo cual calificaron como una acci\u00f3n completamente irresponsable.<\/p>\n\n\n\n<p>\u201cLejos de respetar, proteger y garantizar los derechos de la ciudadan\u00eda, la Profepa favorece los intereses privados de Compa\u00f1\u00eda Minera Cuzcatl\u00e1n, ya que, en ning\u00fan momento se acerc\u00f3 a las comunidades afectadas y a sus respectivas autoridades municipales y agrarias\u201d, se\u00f1alaron.&nbsp;<\/p>\n\n\n\n<p>Por ello, demandaron una investigaci\u00f3n expedita y exhaustiva en el r\u00edo \u201cEl Coyote\u201d y sanciones para la empresa minera Cuzcatl\u00e1n, responsable (por segunda ocasi\u00f3n) del derrame de la presa de jales secos.<\/p>\n\n\n\n<p>A la Semarnat: revocaci\u00f3n de los permisos ambientales y cancelaci\u00f3n inmediata del proyecto minero, por no ajustarse a los ordenamientos ambientales vigentes.<\/p>\n\n\n\n<p>Al Juzgado Primero de Distrito: Integrar en el expediente la presente denuncia y respetar la determinaci\u00f3n de las comunidades afectadas: Cancelaci\u00f3n de las concesiones mineras en Valles Centrales de Oaxaca y sancionar a la empresa minera por desacatar el mandato judicial.<\/p>\n\n\n\n<p>El comunicado lo signan autoridades agrarias y municipales de: Magdalena Ocotl\u00e1n, Monte del Toro, San Mart\u00edn de los Cansecos, San Mat\u00edas Chilazoa, Los Ocotes, El Vergel, Cerro de las Huertas, Coatecas Altas, San Dionisio Ocotepec, San Nicol\u00e1s Yaxe, El Llano Sitio Santiago.<\/p>\n\n\n\n<figure class=\"wp-block-embed is-type-rich is-provider-twitter wp-block-embed-twitter\"><div class=\"wp-block-embed__wrapper\">\n<div class=\"twitter-tweet\"><blockquote class=\"twitter-tweet\" data-lang=\"es\"><p lang=\"es\" dir=\"ltr\">En conferencia en la capital, autoridades municipales de Oaxaca agrupadas en el Frente No a la Miner\u00eda denuncian la negligencia de la <a href=\"https:\/\/twitter.com\/PROFEPA_Mx?ref_src=twsrc%5Etfw\">@PROFEPA_Mx<\/a> para indagar la contaminaci\u00f3n de la <a href=\"https:\/\/twitter.com\/MineraCuzcatlan?ref_src=twsrc%5Etfw\">@MineraCuzcatlan<\/a> en el r\u00edo \u201cEl Coyote\u201d; no escucharon a las comunidades y \u00fanicamente tomaron la\u2026 <a href=\"https:\/\/t.co\/U9XuD8P4fa\">pic.twitter.com\/U9XuD8P4fa<\/a><\/p>&mdash; Zona Roja Oaxaca (@ZonaRoja_Oaxaca) <a href=\"https:\/\/twitter.com\/ZonaRoja_Oaxaca\/status\/1843689710839009288?ref_src=twsrc%5Etfw\">8 de octubre de 2024<\/a><\/blockquote><\/div>\n<\/div><\/figure>\n","protected":false},"excerpt":{"rendered":"<p>Raymundo Morales\/Zona Roja. Oaxaca de Ju\u00e1rez, Oax., a 8 de octubre de 2024.- Por segunda&hellip;<\/p>\n","protected":false},"author":2,"featured_media":73255,"comment_status":"closed","ping_status":"open","sticky":false,"template":"","format":"standard","meta":{"_lmt_disableupdate":"","_lmt_disable":"","_jetpack_memberships_contains_paid_content":false,"footnotes":""},"categories":[109,47],"tags":[837],"class_list":["post-73254","post","type-post","status-publish","format-standard","has-post-thumbnail","hentry","category-minuto-a-minuto","category-zona-gris","tag-minera-cuzcatlan"],"jetpack_featured_media_url":"https:\/\/zonaroja.com.mx\/wp-content\/uploads\/2024\/10\/Frente-No-a-la-Mineria-caso-Cuzcatlan-conferencia.jpg","jetpack_sharing_enabled":true,"_links":{"self":[{"href":"https:\/\/zonaroja.com.mx\/index.php?rest_route=\/wp\/v2\/posts\/73254","targetHints":{"allow":["GET"]}}],"collection":[{"href":"https:\/\/zonaroja.com.mx\/index.php?rest_route=\/wp\/v2\/posts"}],"about":[{"href":"https:\/\/zonaroja.com.mx\/index.php?rest_route=\/wp\/v2\/types\/post"}],"author":[{"embeddable":true,"href":"https:\/\/zonaroja.com.mx\/index.php?rest_route=\/wp\/v2\/users\/2"}],"replies":[{"embeddable":true,"href":"https:\/\/zonaroja.com.mx\/index.php?rest_route=%2Fwp%2Fv2%2Fcomments&post=73254"}],"version-history":[{"count":1,"href":"https:\/\/zonaroja.com.mx\/index.php?rest_route=\/wp\/v2\/posts\/73254\/revisions"}],"predecessor-version":[{"id":73256,"href":"https:\/\/zonaroja.com.mx\/index.php?rest_route=\/wp\/v2\/posts\/73254\/revisions\/73256"}],"wp:featuredmedia":[{"embeddable":true,"href":"https:\/\/zonaroja.com.mx\/index.php?rest_route=\/wp\/v2\/media\/73255"}],"wp:attachment":[{"href":"https:\/\/zonaroja.com.mx\/index.php?rest_route=%2Fwp%2Fv2%2Fmedia&parent=73254"}],"wp:term":[{"taxonomy":"category","embeddable":true,"href":"https:\/\/zonaroja.com.mx\/index.php?rest_route=%2Fwp%2Fv2%2Fcategories&post=73254"},{"taxonomy":"post_tag","embeddable":true,"href":"https:\/\/zonaroja.com.mx\/index.php?rest_route=%2Fwp%2Fv2%2Ftags&post=73254"}],"curies":[{"name":"wp","href":"https:\/\/api.w.org\/{rel}","templated":true}]}}