{"id":73257,"date":"2024-10-08T22:15:14","date_gmt":"2024-10-09T04:15:14","guid":{"rendered":"https:\/\/zonaroja.com.mx\/?p=73257"},"modified":"2024-10-08T22:15:16","modified_gmt":"2024-10-09T04:15:16","slug":"exigen-justicia-por-asesinato-de-una-persona-en-pinotepa","status":"publish","type":"post","link":"https:\/\/zonaroja.com.mx\/?p=73257","title":{"rendered":"Exigen justicia por asesinato de una persona en Pinotepa"},"content":{"rendered":"\n<p>Raymundo Morales\/Zona Roja.<\/p>\n\n\n\n<p>Oaxaca de Ju\u00e1rez, Oax., a 8 de octubre de 2024.- Organizaciones sociales agrupadas en el Consejo de Defensa de los Derechos del Pueblo, demandaron el esclarecimiento del crimen de Gerardo Cruz Palacios, de 49 a\u00f1os de edad, asesinado ayer en Santiago Pinotepa Nacional.<\/p>\n\n\n\n<p>Culparon de ello a la diputada por el PRD, Minerva L\u00f3pez Calder\u00f3n; al presidente municipal Antonio Marbel Jim\u00e9nez y a Fernando Castrej\u00f3n Cardona y su familia, quienes presuntamente pretenden despojar de un predio que defend\u00eda el hoy occiso.<\/p>\n\n\n\n<p>En conferencia de prensa afuera del Palacio de Gobierno de Oaxaca, se\u00f1alaron asimismo que algunos elementos de la Agencia Estatal de Investigaciones de esa parte de la regi\u00f3n Costa podr\u00edan estar involucrados en los hechos.<\/p>\n\n\n\n<p>Relataron que Gerardo fue acribillado ayer cuando se dirig\u00eda a su parcela de cultivo en la comunidad de Ricardo Flores Mag\u00f3n, Pinotepa Nacional.<\/p>\n\n\n\n<p>Pero con anterioridad, el 6 de septiembre de 2024, \u201chubo una incursi\u00f3n violenta y armada de parte de elementos de la Fiscal\u00eda y de la polic\u00eda estatal a dicha comunidad, donde los elementos dispararon al compa\u00f1ero Omar Camacho, a quien torturaron mientras lo ten\u00edan esposado y luego lo obligaron a correr para luego dispararle\u201d.<\/p>\n\n\n\n<p>Por esos hechos, detuvieron adem\u00e1s a Gerardo, a quien secuestraron por varias horas acus\u00e1ndolo del delito de secuestro pero despu\u00e9s fue liberado y exculpado de esos cargos.<\/p>\n\n\n\n<p>El 20 de septiembre de 2024 nuevamente un grupo de elementos armados y en patrullas tuvieron una confrontaci\u00f3n con los habitantes de la colonia Mar\u00eda Luisa en un asentamiento de la organizaci\u00f3n, a orillas del casco municipal de Pinotepa Nacional.&nbsp;<\/p>\n\n\n\n<p>Y ayer personas desconocidas acribillaron Gerardo Cruz Palacios,&nbsp; como mensaje intimidante contra los habitantes de la la comunidad Ricardo<\/p>\n\n\n\n<p>Flores Mag\u00f3n, para expulsarlos de dicho territorio.<\/p>\n\n\n\n<p>\u201cLa diputada, la familia Castrej\u00f3n y el presidente municipal han demostrado su intenci\u00f3n de arrebatar las tierras que ocupan nuestros compa\u00f1eros de manera legitima y pac\u00edfica.&nbsp;<\/p>\n\n\n\n<p>\u201cNo es la primera vez, desde hace a\u00f1os hemos denunciado como estos caciques de la regi\u00f3n se han valido de artima\u00f1as de este tipo para arrebatar estas tierras, comprando funcionarios\u201d, se\u00f1alaron.<\/p>\n\n\n\n<p>Exigieron justicia por estos hechos en contra de los militantes de la organizaci\u00f3n social, as\u00ed como una reuni\u00f3n con el gobernador Salom\u00f3n Jara Cruz, con la finalidad de tratar estos temas y a fin de que cese la persecuci\u00f3n y los actos violentos en contra de ellos.<\/p>\n","protected":false},"excerpt":{"rendered":"<p>Raymundo Morales\/Zona Roja. Oaxaca de Ju\u00e1rez, Oax., a 8 de octubre de 2024.- Organizaciones sociales&hellip;<\/p>\n","protected":false},"author":2,"featured_media":73258,"comment_status":"closed","ping_status":"open","sticky":false,"template":"","format":"standard","meta":{"_lmt_disableupdate":"","_lmt_disable":"","_jetpack_memberships_contains_paid_content":false,"footnotes":""},"categories":[109,47],"tags":[],"class_list":["post-73257","post","type-post","status-publish","format-standard","has-post-thumbnail","hentry","category-minuto-a-minuto","category-zona-gris"],"jetpack_featured_media_url":"https:\/\/zonaroja.com.mx\/wp-content\/uploads\/2024\/10\/Codep-asesinado-Pinotepa.jpg","jetpack_sharing_enabled":true,"_links":{"self":[{"href":"https:\/\/zonaroja.com.mx\/index.php?rest_route=\/wp\/v2\/posts\/73257","targetHints":{"allow":["GET"]}}],"collection":[{"href":"https:\/\/zonaroja.com.mx\/index.php?rest_route=\/wp\/v2\/posts"}],"about":[{"href":"https:\/\/zonaroja.com.mx\/index.php?rest_route=\/wp\/v2\/types\/post"}],"author":[{"embeddable":true,"href":"https:\/\/zonaroja.com.mx\/index.php?rest_route=\/wp\/v2\/users\/2"}],"replies":[{"embeddable":true,"href":"https:\/\/zonaroja.com.mx\/index.php?rest_route=%2Fwp%2Fv2%2Fcomments&post=73257"}],"version-history":[{"count":1,"href":"https:\/\/zonaroja.com.mx\/index.php?rest_route=\/wp\/v2\/posts\/73257\/revisions"}],"predecessor-version":[{"id":73259,"href":"https:\/\/zonaroja.com.mx\/index.php?rest_route=\/wp\/v2\/posts\/73257\/revisions\/73259"}],"wp:featuredmedia":[{"embeddable":true,"href":"https:\/\/zonaroja.com.mx\/index.php?rest_route=\/wp\/v2\/media\/73258"}],"wp:attachment":[{"href":"https:\/\/zonaroja.com.mx\/index.php?rest_route=%2Fwp%2Fv2%2Fmedia&parent=73257"}],"wp:term":[{"taxonomy":"category","embeddable":true,"href":"https:\/\/zonaroja.com.mx\/index.php?rest_route=%2Fwp%2Fv2%2Fcategories&post=73257"},{"taxonomy":"post_tag","embeddable":true,"href":"https:\/\/zonaroja.com.mx\/index.php?rest_route=%2Fwp%2Fv2%2Ftags&post=73257"}],"curies":[{"name":"wp","href":"https:\/\/api.w.org\/{rel}","templated":true}]}}