{"id":7326,"date":"2020-01-05T13:08:08","date_gmt":"2020-01-05T19:08:08","guid":{"rendered":"http:\/\/www.zonaroja.com.mx\/?p=7326"},"modified":"2020-01-05T13:08:12","modified_gmt":"2020-01-05T19:08:12","slug":"mientras-sso-despide-a-trabajadores-sindicato-de-salud-difunde-recontratacion","status":"publish","type":"post","link":"https:\/\/zonaroja.com.mx\/?p=7326","title":{"rendered":"Mientras SSO despide a trabajadores; Sindicato de Salud difunde recontrataci\u00f3n"},"content":{"rendered":"\n<p>Yuri\nSosa\/Zona Roja.<\/p>\n\n\n\n<p>Oaxaca\nde Ju\u00e1rez, Oax., 5 de enero 2020.- Mientras que la Subdirecci\u00f3n General de\nAdministraci\u00f3n y Finanzas de los Servicios de Salud de Oaxaca (SSO) busca el\nrecorte de cerca de 305 trabajadores eventuales, la Secci\u00f3n 35 del SNTSA apoya la\nrecontrataci\u00f3n de personal por otros seis meses.<\/p>\n\n\n\n<p>A\ntrav\u00e9s de documentos oficiales, el subdirector del \u00e1rea correspondiente, Luis\nMart\u00edn de Jes\u00fas Mathus Alonso, expone que la decisi\u00f3n se debe a las\nlimitaciones presupuestarias y financieras que existen en el organismo.<\/p>\n\n\n\n<p>Por\nlo que no pueden considerar continuar con la relaci\u00f3n laboral para el ejercicio\nfiscal del a\u00f1o 2020 a beneficio de 305 personas, cuyo contrato concluy\u00f3 el\npasado 31 de diciembre.<\/p>\n\n\n\n<p>La\nsolicitud de la baja se realiz\u00f3 a la direcci\u00f3n de Asuntos Jur\u00eddicos de los SSO\nel pasado 3 de enero, a quien se le inform\u00f3 la prioridad laboral para los\ntrabajadores directos de los servicios de salud.<\/p>\n\n\n\n<p>En\ntanto, la Secci\u00f3n 35 del Sindicato Nacional de Trabajadores de la Secretar\u00eda de\nSalud, que encabeza F\u00e9lix Pacheco, comenz\u00f3 los procesos internos para gestionar\ncontratos para personal m\u00e9dico, param\u00e9dico y administrativo.<\/p>\n\n\n\n<p>El\nComit\u00e9 Ejecutivo seccional gir\u00f3 la orden de petici\u00f3n para que sus delegaciones\nenv\u00eden la plantilla de personal de contrato adscritos a las Unidades de Salud, a\nfin de buscar sus rcontrataciones para el periodo de enero-junio de este a\u00f1o.<\/p>\n","protected":false},"excerpt":{"rendered":"<p>Yuri Sosa\/Zona Roja. Oaxaca de Ju\u00e1rez, Oax., 5 de enero 2020.- Mientras que la Subdirecci\u00f3n&hellip;<\/p>\n","protected":false},"author":2,"featured_media":7327,"comment_status":"closed","ping_status":"open","sticky":false,"template":"","format":"standard","meta":{"_lmt_disableupdate":"","_lmt_disable":"","_jetpack_memberships_contains_paid_content":false,"footnotes":""},"categories":[109,47],"tags":[238],"class_list":["post-7326","post","type-post","status-publish","format-standard","has-post-thumbnail","hentry","category-minuto-a-minuto","category-zona-gris","tag-servicios-de-salud-de-oaxaca"],"jetpack_featured_media_url":"https:\/\/zonaroja.com.mx\/wp-content\/uploads\/2020\/01\/Despidos-SSO.jpg","jetpack_sharing_enabled":true,"_links":{"self":[{"href":"https:\/\/zonaroja.com.mx\/index.php?rest_route=\/wp\/v2\/posts\/7326","targetHints":{"allow":["GET"]}}],"collection":[{"href":"https:\/\/zonaroja.com.mx\/index.php?rest_route=\/wp\/v2\/posts"}],"about":[{"href":"https:\/\/zonaroja.com.mx\/index.php?rest_route=\/wp\/v2\/types\/post"}],"author":[{"embeddable":true,"href":"https:\/\/zonaroja.com.mx\/index.php?rest_route=\/wp\/v2\/users\/2"}],"replies":[{"embeddable":true,"href":"https:\/\/zonaroja.com.mx\/index.php?rest_route=%2Fwp%2Fv2%2Fcomments&post=7326"}],"version-history":[{"count":1,"href":"https:\/\/zonaroja.com.mx\/index.php?rest_route=\/wp\/v2\/posts\/7326\/revisions"}],"predecessor-version":[{"id":7328,"href":"https:\/\/zonaroja.com.mx\/index.php?rest_route=\/wp\/v2\/posts\/7326\/revisions\/7328"}],"wp:featuredmedia":[{"embeddable":true,"href":"https:\/\/zonaroja.com.mx\/index.php?rest_route=\/wp\/v2\/media\/7327"}],"wp:attachment":[{"href":"https:\/\/zonaroja.com.mx\/index.php?rest_route=%2Fwp%2Fv2%2Fmedia&parent=7326"}],"wp:term":[{"taxonomy":"category","embeddable":true,"href":"https:\/\/zonaroja.com.mx\/index.php?rest_route=%2Fwp%2Fv2%2Fcategories&post=7326"},{"taxonomy":"post_tag","embeddable":true,"href":"https:\/\/zonaroja.com.mx\/index.php?rest_route=%2Fwp%2Fv2%2Ftags&post=7326"}],"curies":[{"name":"wp","href":"https:\/\/api.w.org\/{rel}","templated":true}]}}