{"id":73260,"date":"2024-10-09T07:02:50","date_gmt":"2024-10-09T13:02:50","guid":{"rendered":"https:\/\/zonaroja.com.mx\/?p=73260"},"modified":"2024-10-09T07:02:52","modified_gmt":"2024-10-09T13:02:52","slug":"inician-hoy-en-oaxaca-censo-de-afectaciones-que-dejo-el-huracan-john","status":"publish","type":"post","link":"https:\/\/zonaroja.com.mx\/?p=73260","title":{"rendered":"Inician hoy en Oaxaca censo de afectaciones que dej\u00f3 el hurac\u00e1n \u201cJohn\u201d"},"content":{"rendered":"\n<p>Redacci\u00f3n\/Zona Roja.&nbsp;<\/p>\n\n\n\n<p>Oaxaca de Ju\u00e1rez, Oax., a 9 de octubre de 2024.- Este mi\u00e9rcoles inicia en Oaxaca el censo de personas y viviendas afectadas por el caso del hurac\u00e1n \u201cJoh\u201d, anunciaron las autoridades.<\/p>\n\n\n\n<p>Ayer en el municipio de Santiago Pinotepa Nacional, el gobernador Salom\u00f3n Jara Cruz y el subsecretario de la Secretar\u00eda de Bienestar del gobierno federal, Jes\u00fas Valencia, encabezado una reuni\u00f3n de evaluaci\u00f3n.<\/p>\n\n\n\n<p>El funcionario federal notific\u00f3 al mandatario estatal que esta acci\u00f3n se realizar\u00e1 para los rubros de vivienda y cultivos, con el objetivo de determinar el apoyo que la Presidenta de M\u00e9xico, Claudia Sheinbaum Pardo, destinar\u00e1 para ayudar a las y los oaxaque\u00f1os que perdieron sus hogares, ganados, cultivos, entre otros.&nbsp;<\/p>\n\n\n\n<p>En tanto, Jara Cruz se\u00f1al\u00f3 que, aunado a esta actividad, la Subsecretar\u00eda de Tequio e Inclusi\u00f3n para el Bienestar de la Secretar\u00eda de Bienestar, Tequio e Inclusi\u00f3n (Sebienti) y autoridades municipales llevar\u00e1n a cabo tequios para limpiar los hogares que a\u00fan tienen tierra, lodo y piedras.&nbsp;<\/p>\n\n\n\n<p>Agradeci\u00f3 la voluntad del Gobierno Federal por ayudar a las personas damnificadas de manera directa e inmediata a trav\u00e9s de la Secretar\u00eda de Bienestar, as\u00ed como de diversas dependencias que han participado en la atenci\u00f3n de caminos, alimentos y servicios.&nbsp;<\/p>\n\n\n\n<p>En la reuni\u00f3n se detall\u00f3 que la actividad comenzar\u00e1 con 120 servidores de la naci\u00f3n distribuidos en todas las regiones afectadas; de ser necesario, esta cifra aumentar\u00e1 de manera inmediata.<\/p>\n\n\n\n<p>Los trabajos prioritarios de infraestructura educativa ser\u00e1n atendidos por la Secretar\u00eda de Educaci\u00f3n P\u00fablica (SEP) del Gobierno de M\u00e9xico; las problem\u00e1ticas del vital l\u00edquido por la Comisi\u00f3n Nacional del Agua (Conagua) y el apoyo de programas para el campo por la Secretar\u00eda de Agricultura y Desarrollo Rural (Sader). Tambi\u00e9n se realizar\u00e1 un diagn\u00f3stico sobre los caminos da\u00f1ados.<\/p>\n\n\n\n<p>En este marco, la Secretar\u00eda de Infraestructuras y Comunicaciones present\u00f3 un informe general de los estragos que provoc\u00f3 el meteoro \u201cJohn\u201d, entre los que destacan 413 afectaciones en caminos y carreteras de las regiones Costa, Mixteca y Sierra Sur, que corresponden a derrumbes, deslaves, socavones, inundaciones y puentes.<\/p>\n\n\n\n<p>De energ\u00eda el\u00e9ctrica se inform\u00f3 que ya se restablecieron 135 servicios de energ\u00eda el\u00e9ctrica. Tambi\u00e9n se presentaron los da\u00f1os en agua potable, drenaje sanitario y saneamiento de 13 municipios de la Costa y 4 de Sierra Sur.<\/p>\n\n\n\n<p>En el rubro de vivienda se contabilizan mil 93 da\u00f1os en mil 175 casas evaluadas de 39 localidades y agencias; 32 por ciento de enseres dom\u00e9sticos, 30 por ciento deterioros parciales, 23 por ciento de inundaciones, 12 por ciento en servicios b\u00e1sicos y 3 por ciento con p\u00e9rdida total.<\/p>\n\n\n\n<p>Asimismo, 184 escuelas reportaron colapso de bardas, deslaves, inundaciones, socavones, desprendimiento de l\u00e1mina y filtraciones.<\/p>\n\n\n\n<p>La Secretar\u00eda de Fomento Agroalimentario y Desarrollo Rural (Sefader) dio a conocer que el cultivo m\u00e1s afectado de la Costa y Sierra Sur fue el ma\u00edz con m\u00e1s de 22 mil hect\u00e1reas, seguido de la papaya, lim\u00f3n, mango, pl\u00e1tano y ajonjol\u00ed. En ganader\u00eda se estima la p\u00e9rdida de 200 cabezas.&nbsp;<\/p>\n\n\n\n<p>En este sentido, el gobierno de Oaxaca apoyar\u00e1 con semillas de ma\u00edz, fertilizantes, bioinsumos y asistencia t\u00e9cnica para que las personas vuelvan a sembrar. Para las y los productores de papaya, se abrir\u00e1 un fondo de garant\u00edas l\u00edquidas para poder convenir cr\u00e9ditos.<\/p>\n","protected":false},"excerpt":{"rendered":"<p>Redacci\u00f3n\/Zona Roja.&nbsp; Oaxaca de Ju\u00e1rez, Oax., a 9 de octubre de 2024.- Este mi\u00e9rcoles inicia&hellip;<\/p>\n","protected":false},"author":2,"featured_media":73261,"comment_status":"closed","ping_status":"open","sticky":false,"template":"","format":"standard","meta":{"_lmt_disableupdate":"","_lmt_disable":"","_jetpack_memberships_contains_paid_content":false,"footnotes":""},"categories":[109,46],"tags":[939],"class_list":["post-73260","post","type-post","status-publish","format-standard","has-post-thumbnail","hentry","category-minuto-a-minuto","category-zona-blanca","tag-salomon-jara-cruz"],"jetpack_featured_media_url":"https:\/\/zonaroja.com.mx\/wp-content\/uploads\/2024\/10\/Gobierno-de-Mexico-iniciara-censo-de-viviendas-y-cultivos-en-Oaxaca-afectados-por-John-1.jpg","jetpack_sharing_enabled":true,"_links":{"self":[{"href":"https:\/\/zonaroja.com.mx\/index.php?rest_route=\/wp\/v2\/posts\/73260","targetHints":{"allow":["GET"]}}],"collection":[{"href":"https:\/\/zonaroja.com.mx\/index.php?rest_route=\/wp\/v2\/posts"}],"about":[{"href":"https:\/\/zonaroja.com.mx\/index.php?rest_route=\/wp\/v2\/types\/post"}],"author":[{"embeddable":true,"href":"https:\/\/zonaroja.com.mx\/index.php?rest_route=\/wp\/v2\/users\/2"}],"replies":[{"embeddable":true,"href":"https:\/\/zonaroja.com.mx\/index.php?rest_route=%2Fwp%2Fv2%2Fcomments&post=73260"}],"version-history":[{"count":1,"href":"https:\/\/zonaroja.com.mx\/index.php?rest_route=\/wp\/v2\/posts\/73260\/revisions"}],"predecessor-version":[{"id":73262,"href":"https:\/\/zonaroja.com.mx\/index.php?rest_route=\/wp\/v2\/posts\/73260\/revisions\/73262"}],"wp:featuredmedia":[{"embeddable":true,"href":"https:\/\/zonaroja.com.mx\/index.php?rest_route=\/wp\/v2\/media\/73261"}],"wp:attachment":[{"href":"https:\/\/zonaroja.com.mx\/index.php?rest_route=%2Fwp%2Fv2%2Fmedia&parent=73260"}],"wp:term":[{"taxonomy":"category","embeddable":true,"href":"https:\/\/zonaroja.com.mx\/index.php?rest_route=%2Fwp%2Fv2%2Fcategories&post=73260"},{"taxonomy":"post_tag","embeddable":true,"href":"https:\/\/zonaroja.com.mx\/index.php?rest_route=%2Fwp%2Fv2%2Ftags&post=73260"}],"curies":[{"name":"wp","href":"https:\/\/api.w.org\/{rel}","templated":true}]}}