{"id":73263,"date":"2024-10-09T08:02:00","date_gmt":"2024-10-09T14:02:00","guid":{"rendered":"https:\/\/zonaroja.com.mx\/?p=73263"},"modified":"2024-10-09T07:19:38","modified_gmt":"2024-10-09T13:19:38","slug":"de-nuevo-violencia-en-el-istmo-ejecutan-a-taxista-en-juchitan","status":"publish","type":"post","link":"https:\/\/zonaroja.com.mx\/?p=73263","title":{"rendered":"De nuevo violencia en el Istmo: ejecutan a taxista en Juchit\u00e1n"},"content":{"rendered":"\n<p>Raymundo Morales\/Zona Roja.<\/p>\n\n\n\n<p>Oaxaca de Ju\u00e1rez, Oax., a 9 de octubre de 2024.- La cotidiana violencia criminal en la regi\u00f3n del Istmo de Tehuantepec cobr\u00f3 otra v\u00edctima anoche.<\/p>\n\n\n\n<p>En la carretera que comunica a Juchit\u00e1n de Zaragoza con su agencia de La Ventosa, fue ejecutado a balazos un taxista, en el interior de su unidad de motor con n\u00famero econ\u00f3mico 16-160 del sitio \u201cCrucero\u201d.<\/p>\n\n\n\n<p>De manera preliminar, la v\u00edctima fue identificada como Rafael M., de aproximadamente 50 a\u00f1os de edad, quien ten\u00eda su domicilio en la colonia Gustavo Pineda.<\/p>\n\n\n\n<p>De acuerdo con reportes policiacos y de medios informativos de la regi\u00f3n, sujetos armados dieron alcance a la unidad de motor del servicio p\u00fablico y le dispararon directamente, tras lo cual huyeron de la zona.<\/p>\n\n\n\n<p>Familiares del hoy occiso llegaron primero que la polic\u00eda municipal a la escena del crimen y se llevaron el cuerpo del taxista.<\/p>\n\n\n\n<p>Personal de la Vicefiscal\u00eda Regional del Istmo inici\u00f3 las investigaciones correspondientes, para dar con los responsables de la ejecuci\u00f3n.<\/p>\n\n\n\n<p>Apenas el lunes 7 de octubre fueron ejecutados a balazos dos j\u00f3venes en el municipio de Mat\u00edas Romero Avenda\u00f1o; un d\u00eda antes, se registraron dos ataques armados, uno en Juchit\u00e1n y otro en Salina Cruz, con saldo de un muerto y un herido, respectivamente. El s\u00e1bado hubo otro crimen en Juchit\u00e1n.<\/p>\n\n\n\n<p>HALLAN A VELADOR<\/p>\n\n\n\n<p>Por otra parte, luego de haber sido reportado como desaparecido desde el pasado 5 de octubre en el municipio de Uni\u00f3n Hidalgo, ayer fue localizado sin vida el se\u00f1or Feliciano L\u00f3pez L\u00f3pez.<\/p>\n\n\n\n<p>Hasta el momento se desconocen las causas del deceso de quien se desempe\u00f1aba como velador en las v\u00edas f\u00e9rreas del Corredor Interoce\u00e1nico y el cuerpo fue hallado entre el agua cerca de un terreno de siembra, ya en estado de descomposici\u00f3n.<\/p>\n\n\n\n<p>La Vicefiscal\u00eda Regional del Istmo investiga el homicidio del hombre que ten\u00eda 65 a\u00f1os de edad.<\/p>\n","protected":false},"excerpt":{"rendered":"<p>Raymundo Morales\/Zona Roja. Oaxaca de Ju\u00e1rez, Oax., a 9 de octubre de 2024.- La cotidiana&hellip;<\/p>\n","protected":false},"author":2,"featured_media":71394,"comment_status":"closed","ping_status":"open","sticky":false,"template":"","format":"standard","meta":{"_lmt_disableupdate":"","_lmt_disable":"","_jetpack_memberships_contains_paid_content":false,"footnotes":""},"categories":[109,51],"tags":[297],"class_list":["post-73263","post","type-post","status-publish","format-standard","has-post-thumbnail","hentry","category-minuto-a-minuto","category-zona-roja","tag-ejecutado-juchitan"],"jetpack_featured_media_url":"https:\/\/zonaroja.com.mx\/wp-content\/uploads\/2024\/08\/Taxi-2.jpg","jetpack_sharing_enabled":true,"_links":{"self":[{"href":"https:\/\/zonaroja.com.mx\/index.php?rest_route=\/wp\/v2\/posts\/73263","targetHints":{"allow":["GET"]}}],"collection":[{"href":"https:\/\/zonaroja.com.mx\/index.php?rest_route=\/wp\/v2\/posts"}],"about":[{"href":"https:\/\/zonaroja.com.mx\/index.php?rest_route=\/wp\/v2\/types\/post"}],"author":[{"embeddable":true,"href":"https:\/\/zonaroja.com.mx\/index.php?rest_route=\/wp\/v2\/users\/2"}],"replies":[{"embeddable":true,"href":"https:\/\/zonaroja.com.mx\/index.php?rest_route=%2Fwp%2Fv2%2Fcomments&post=73263"}],"version-history":[{"count":1,"href":"https:\/\/zonaroja.com.mx\/index.php?rest_route=\/wp\/v2\/posts\/73263\/revisions"}],"predecessor-version":[{"id":73264,"href":"https:\/\/zonaroja.com.mx\/index.php?rest_route=\/wp\/v2\/posts\/73263\/revisions\/73264"}],"wp:featuredmedia":[{"embeddable":true,"href":"https:\/\/zonaroja.com.mx\/index.php?rest_route=\/wp\/v2\/media\/71394"}],"wp:attachment":[{"href":"https:\/\/zonaroja.com.mx\/index.php?rest_route=%2Fwp%2Fv2%2Fmedia&parent=73263"}],"wp:term":[{"taxonomy":"category","embeddable":true,"href":"https:\/\/zonaroja.com.mx\/index.php?rest_route=%2Fwp%2Fv2%2Fcategories&post=73263"},{"taxonomy":"post_tag","embeddable":true,"href":"https:\/\/zonaroja.com.mx\/index.php?rest_route=%2Fwp%2Fv2%2Ftags&post=73263"}],"curies":[{"name":"wp","href":"https:\/\/api.w.org\/{rel}","templated":true}]}}