{"id":73265,"date":"2024-10-09T09:19:00","date_gmt":"2024-10-09T15:19:00","guid":{"rendered":"https:\/\/zonaroja.com.mx\/?p=73265"},"modified":"2024-10-09T08:27:12","modified_gmt":"2024-10-09T14:27:12","slug":"junto-con-su-esposo-desaparece-activista-mixe-que-denuncio-a-donato-vargas","status":"publish","type":"post","link":"https:\/\/zonaroja.com.mx\/?p=73265","title":{"rendered":"Junto con su esposo, desaparece activista Mixe que denunci\u00f3 a Donato Vargas"},"content":{"rendered":"\n<p>Raymundo Morales\/Zona Roja.<\/p>\n\n\n\n<p>Oaxaca de Ju\u00e1rez, Oax., a 9 de octubre de 2024.- La abogada y activista Mixe Sandra Est\u00e9fana Dom\u00ednguez Mart\u00ednez y su esposo Alexander Hern\u00e1ndez Hern\u00e1ndez se encuentran desaparecidos desde el pasado 4 de octubre, cuando se les vio por \u00faltima vez en la comunidad de Mar\u00eda Lombardo de Caso, agencia del municipio de San Juan Cotzoc\u00f3n.<\/p>\n\n\n\n<p>A trav\u00e9s de la emisi\u00f3n de las respectivas fichas, la Fiscal\u00eda General del Estado de Oaxaca confirm\u00f3 ayer por la tarde, a trav\u00e9s de la Unidad de B\u00fasqueda de Personas Desaparecidas y No Localizadas.<\/p>\n\n\n\n<p>En abril del a\u00f1o pasado, Sandra Dom\u00ednguez, junto con activistas de la asociaci\u00f3n civil Consorcio Oaxaca y la hoy diputada federal por el PT, Aracely Cruz, dieron a conocer que el a\u00fan titular de la Coordinaci\u00f3n de Delegados de Paz, Donato Vargas Jim\u00e9nez, particip\u00f3 en un chat de contenido sexual, ademas de violentar a su ex pareja.<\/p>\n\n\n\n<p>De acuerdo con el activista Mixe Joaqu\u00edn Galv\u00e1n, Sandra Dom\u00ednguez ya hab\u00eda recibido amenazas de muerte por \u00e9ste y otros casos.&nbsp;<\/p>\n\n\n\n<p>\u201cGracias a la voz y el testimonio de Sandra se logr\u00f3 generar consecuencias contra agresores de mujeres de mujeres que ocupaban la funci\u00f3n p\u00fablica; el \u00faltimo caso que denunci\u00f3 fue la participaci\u00f3n de Donato Vargas, funcionario de Salom\u00f3n Jara, quien cometi\u00f3 actos de violencia contra su ex pareja\u201d, expuso en sus redes sociales.<\/p>\n\n\n\n<p>La joven abogada desapareci\u00f3 junto con su esposo el pasado viernes 4 de octubre en Mar\u00eda Lombardo de Caso y su camioneta fue hallada a orillas de la carretera en los l\u00edmites de Oaxaca con Veracruz.<\/p>\n\n\n\n<p>Galv\u00e1n record\u00f3 tambi\u00e9n que con Sandra Jim\u00e9nez hab\u00edan denunciado distintos casos de violencia feminicida, entre ellos el de Fanny Guadalupe y la desaparici\u00f3n de Zayra Noyola.<\/p>\n\n\n\n<p>Hasta esta ma\u00f1ana, no hay ninguna pista de ambas personas y organismos de la sociedad civil se han unido para exigir la aparici\u00f3n con vida de ellos.<\/p>\n","protected":false},"excerpt":{"rendered":"<p>Raymundo Morales\/Zona Roja. Oaxaca de Ju\u00e1rez, Oax., a 9 de octubre de 2024.- La abogada&hellip;<\/p>\n","protected":false},"author":2,"featured_media":73266,"comment_status":"closed","ping_status":"open","sticky":false,"template":"","format":"standard","meta":{"_lmt_disableupdate":"","_lmt_disable":"","_jetpack_memberships_contains_paid_content":false,"footnotes":""},"categories":[109,47],"tags":[4086],"class_list":["post-73265","post","type-post","status-publish","format-standard","has-post-thumbnail","hentry","category-minuto-a-minuto","category-zona-gris","tag-sandra-dominguez"],"jetpack_featured_media_url":"https:\/\/zonaroja.com.mx\/wp-content\/uploads\/2024\/10\/Desaparecidos-Sandra-Dominguez.jpg","jetpack_sharing_enabled":true,"_links":{"self":[{"href":"https:\/\/zonaroja.com.mx\/index.php?rest_route=\/wp\/v2\/posts\/73265","targetHints":{"allow":["GET"]}}],"collection":[{"href":"https:\/\/zonaroja.com.mx\/index.php?rest_route=\/wp\/v2\/posts"}],"about":[{"href":"https:\/\/zonaroja.com.mx\/index.php?rest_route=\/wp\/v2\/types\/post"}],"author":[{"embeddable":true,"href":"https:\/\/zonaroja.com.mx\/index.php?rest_route=\/wp\/v2\/users\/2"}],"replies":[{"embeddable":true,"href":"https:\/\/zonaroja.com.mx\/index.php?rest_route=%2Fwp%2Fv2%2Fcomments&post=73265"}],"version-history":[{"count":2,"href":"https:\/\/zonaroja.com.mx\/index.php?rest_route=\/wp\/v2\/posts\/73265\/revisions"}],"predecessor-version":[{"id":73268,"href":"https:\/\/zonaroja.com.mx\/index.php?rest_route=\/wp\/v2\/posts\/73265\/revisions\/73268"}],"wp:featuredmedia":[{"embeddable":true,"href":"https:\/\/zonaroja.com.mx\/index.php?rest_route=\/wp\/v2\/media\/73266"}],"wp:attachment":[{"href":"https:\/\/zonaroja.com.mx\/index.php?rest_route=%2Fwp%2Fv2%2Fmedia&parent=73265"}],"wp:term":[{"taxonomy":"category","embeddable":true,"href":"https:\/\/zonaroja.com.mx\/index.php?rest_route=%2Fwp%2Fv2%2Fcategories&post=73265"},{"taxonomy":"post_tag","embeddable":true,"href":"https:\/\/zonaroja.com.mx\/index.php?rest_route=%2Fwp%2Fv2%2Ftags&post=73265"}],"curies":[{"name":"wp","href":"https:\/\/api.w.org\/{rel}","templated":true}]}}