{"id":73275,"date":"2024-10-09T13:39:00","date_gmt":"2024-10-09T19:39:00","guid":{"rendered":"https:\/\/zonaroja.com.mx\/?p=73275"},"modified":"2024-10-09T08:40:52","modified_gmt":"2024-10-09T14:40:52","slug":"arranca-el-viernes-la-carrera-panamericana-en-oaxaca-capital","status":"publish","type":"post","link":"https:\/\/zonaroja.com.mx\/?p=73275","title":{"rendered":"Arranca el viernes la Carrera Panamericana en Oaxaca capital"},"content":{"rendered":"\n<p>Redacci\u00f3n\/Zona Roja.&nbsp;<\/p>\n\n\n\n<p>Oaxaca de Ju\u00e1rez, Oax., a 9 de octubre de 2024.- Oaxaca de Ju\u00e1rez ser\u00e1 el punto de arranque de la Carrera Panamericana 2024 en su 37 edici\u00f3n este 11 de octubre, una de las justas de rally internacional m\u00e1s emblem\u00e1ticas del deporte motor, con destino a Veracruz, celebrando la velocidad y el v\u00ednculo entre M\u00e9xico y el automovilismo de alto nivel, para atraer y promover el turismo mexicano en todo el mundo.<\/p>\n\n\n\n<p>En conferencia, la secretaria de Turismo Saymi Pineda Velasco, destac\u00f3 que la justa dejar\u00e1 una derrama econ\u00f3mica de 37.7 millones de pesos, una importante ocupaci\u00f3n hotelera que se genera de manera directa.&nbsp;<\/p>\n\n\n\n<p>\u201cLa Carrera Panamericana que regresa a su casa, Oaxaca, tierra orgullosa de sus ra\u00edces, lugar emblem\u00e1tico y coraz\u00f3n cultural de M\u00e9xico. S\u00e9 que los m\u00e1s de 140 competidores van a disfrutar al m\u00e1ximo de la hospitalidad y de la vasta gastronom\u00eda\u201d del estado, dijo.<\/p>\n\n\n\n<p>La Panamericana es una plataforma de promoci\u00f3n que permite acercar a un p\u00fablico muy importante de m\u00e1s de 80 pa\u00edses los destinos y atractivos del estado, a m\u00e1s de 300 mil seguidores org\u00e1nicos en plataformas digitales y contenidos de influencers que pondr\u00e1n los atractivos de Oaxaca en la mira de los turistas internacionales.<\/p>\n\n\n\n<p>Pineda Velasco destac\u00f3 que Oaxaca tiene una relaci\u00f3n estrecha con este evento hist\u00f3rico y legendario del deporte automotor de m\u00e1s de 30 a\u00f1os, por lo que agradeci\u00f3 a Karen Le\u00f3n Grossmann, Directora de la Carrera Panamericana hacer posible que el estado sea parte muy importante de esta justa deportiva.<\/p>\n\n\n\n<p>Le\u00f3n Grossmann dijo que las ra\u00edces y la tradici\u00f3n de la Panamericana est\u00e1n en Oaxaca y \u00abaqu\u00ed estamos de vuelta para arrancar y traer un espect\u00e1culo que llena de color y de sabor a toda la gente que visita Oaxaca, para que todo el p\u00fablico vea este museo rodante. La calidez de los pilotos y la cercan\u00eda con la gente. Somos la carrera de M\u00e9xico pero tambi\u00e9n la carrera de Oaxaca y por eso estamos de vuelta\u00bb.<\/p>\n\n\n\n<p>En la conferencia participaron Arnel Cruz Salazar, delegado de la CP en Oaxaca y Presidente de la Asociaci\u00f3n de Hoteles y Moteles de la Verde Antequera y los pilotos Emilio Vel\u00e1squez y Juan Ram\u00f3n Castellanos, quienes destacaron la importancia de la Panamericana \u00abel evento automovil\u00edstico m\u00e1s importante del mundo que se corre en carreteras abiertas\u00bb.<\/p>\n\n\n\n<p>Los directivos de la Carrera reconocieron el trabajo del Gobernador Salom\u00f3n Jara Cruz y de la Secretar\u00eda de Turismo para que el estado sea la sede del arranque de este evento internacional \u00abcon estas acciones en favor de Oaxaca hoy demostramos al mundo nuestra capacidad de trabajo y servicio, pero sobre todo de la calidez humana de las y los oaxaque\u00f1os\u00bb.<\/p>\n\n\n\n<p>Desde este d\u00eda y hasta el mi\u00e9rcoles 9 de octubre el p\u00fablico podr\u00e1 apreciar los autos participantes en el Centro Cultural y de Convenciones de Oaxaca en Santa Luc\u00eda del Camino; el 10 de octubre se inicia la etapa de calificaci\u00f3n con rumbo Mitla- Hierbe el Agua. Por la noche ser\u00e1 la arrancada ceremonial y el viernes 11 inicia la competencia con rumbo a Veracruz.<\/p>\n","protected":false},"excerpt":{"rendered":"<p>Redacci\u00f3n\/Zona Roja.&nbsp; Oaxaca de Ju\u00e1rez, Oax., a 9 de octubre de 2024.- Oaxaca de Ju\u00e1rez&hellip;<\/p>\n","protected":false},"author":2,"featured_media":73276,"comment_status":"closed","ping_status":"open","sticky":false,"template":"","format":"standard","meta":{"_lmt_disableupdate":"","_lmt_disable":"","_jetpack_memberships_contains_paid_content":false,"footnotes":""},"categories":[109,46],"tags":[1031],"class_list":["post-73275","post","type-post","status-publish","format-standard","has-post-thumbnail","hentry","category-minuto-a-minuto","category-zona-blanca","tag-secretaria-de-turismo-oaxaca"],"jetpack_featured_media_url":"https:\/\/zonaroja.com.mx\/wp-content\/uploads\/2024\/10\/Carrera-panamericana.jpeg","jetpack_sharing_enabled":true,"_links":{"self":[{"href":"https:\/\/zonaroja.com.mx\/index.php?rest_route=\/wp\/v2\/posts\/73275","targetHints":{"allow":["GET"]}}],"collection":[{"href":"https:\/\/zonaroja.com.mx\/index.php?rest_route=\/wp\/v2\/posts"}],"about":[{"href":"https:\/\/zonaroja.com.mx\/index.php?rest_route=\/wp\/v2\/types\/post"}],"author":[{"embeddable":true,"href":"https:\/\/zonaroja.com.mx\/index.php?rest_route=\/wp\/v2\/users\/2"}],"replies":[{"embeddable":true,"href":"https:\/\/zonaroja.com.mx\/index.php?rest_route=%2Fwp%2Fv2%2Fcomments&post=73275"}],"version-history":[{"count":1,"href":"https:\/\/zonaroja.com.mx\/index.php?rest_route=\/wp\/v2\/posts\/73275\/revisions"}],"predecessor-version":[{"id":73277,"href":"https:\/\/zonaroja.com.mx\/index.php?rest_route=\/wp\/v2\/posts\/73275\/revisions\/73277"}],"wp:featuredmedia":[{"embeddable":true,"href":"https:\/\/zonaroja.com.mx\/index.php?rest_route=\/wp\/v2\/media\/73276"}],"wp:attachment":[{"href":"https:\/\/zonaroja.com.mx\/index.php?rest_route=%2Fwp%2Fv2%2Fmedia&parent=73275"}],"wp:term":[{"taxonomy":"category","embeddable":true,"href":"https:\/\/zonaroja.com.mx\/index.php?rest_route=%2Fwp%2Fv2%2Fcategories&post=73275"},{"taxonomy":"post_tag","embeddable":true,"href":"https:\/\/zonaroja.com.mx\/index.php?rest_route=%2Fwp%2Fv2%2Ftags&post=73275"}],"curies":[{"name":"wp","href":"https:\/\/api.w.org\/{rel}","templated":true}]}}