{"id":73281,"date":"2024-10-09T17:43:38","date_gmt":"2024-10-09T23:43:38","guid":{"rendered":"https:\/\/zonaroja.com.mx\/?p=73281"},"modified":"2024-10-09T17:43:40","modified_gmt":"2024-10-09T23:43:40","slug":"pide-la-onu-dh-coordinar-estrategias-para-la-busqueda-de-activista-mixe","status":"publish","type":"post","link":"https:\/\/zonaroja.com.mx\/?p=73281","title":{"rendered":"Pide la ONU-DH coordinar estrategias para la b\u00fasqueda de activista Mixe"},"content":{"rendered":"\n<p>Redacci\u00f3n\/Zona Roja.<\/p>\n\n\n\n<p>Ciudad de M\u00e9xico, a 9 de octubre de 2024.- La Oficina en M\u00e9xico del Alto Comisionado de las Naciones Unidas para los Derechos Humanos (ONU-DH) inst\u00f3 a las autoridades de investigaci\u00f3n y b\u00fasqueda a coordinar estrat\u00e9gicamente sus esfuerzos para localizar a Sandra Estefan\u00eda Dom\u00ednguez Mart\u00ednez, ind\u00edgena ayuujk y defensora de derechos humanos, quien desapareci\u00f3 junto con su esposo en la Sierra Mixe de Oaxaca el pasado 4 de octubre.<\/p>\n\n\n\n<p>En redes sociales, manifest\u00f3 su preocupaci\u00f3n por este caso y pidi\u00f3 esclarecer los hechos, \u201crespetando el derecho de participaci\u00f3n de familiares y amistades, conforme los principios rectores para la b\u00fasqueda de personas\u201d del Comit\u00e9 contra la Desaparici\u00f3n Forzada de la ONU.<\/p>\n\n\n\n<p>De acuerdo con la informaci\u00f3n recabada, la abogada hab\u00eda recibido amenazas de muerte por haber denunciado la creaci\u00f3n de los chats Sierra XXX y Mega Peda, donde funcionarios estatales y federales compart\u00edan fotograf\u00edas y videos que cosifican a las ind\u00edgenas.<\/p>\n\n\n\n<p>Dom\u00ednguez Mart\u00ednez y su esposo fueron vistos por \u00faltima vez en la comunidad de Mar\u00eda Lombardo, municipio de San Juan Cotzocon, inform\u00f3 el defensor Joaqu\u00edn Galv\u00e1n.<\/p>\n\n\n\n<p>Otras organizaciones se han sumado a la exigencia de b\u00fasqueda de la activista y su esposo, entre ellas el Comit\u00e9 de Defensa Integral de Derechos Humanos Gobixha e IM-Defensoras.<\/p>\n\n\n\n<p>(Informaci\u00f3n de \u201cLa Jornada\u201d)<\/p>\n","protected":false},"excerpt":{"rendered":"<p>Redacci\u00f3n\/Zona Roja. Ciudad de M\u00e9xico, a 9 de octubre de 2024.- La Oficina en M\u00e9xico&hellip;<\/p>\n","protected":false},"author":2,"featured_media":73282,"comment_status":"closed","ping_status":"open","sticky":false,"template":"","format":"standard","meta":{"_lmt_disableupdate":"","_lmt_disable":"","_jetpack_memberships_contains_paid_content":false,"footnotes":""},"categories":[109,47],"tags":[4086],"class_list":["post-73281","post","type-post","status-publish","format-standard","has-post-thumbnail","hentry","category-minuto-a-minuto","category-zona-gris","tag-sandra-dominguez"],"jetpack_featured_media_url":"https:\/\/zonaroja.com.mx\/wp-content\/uploads\/2024\/10\/Sandra-Dominguez.jpeg","jetpack_sharing_enabled":true,"_links":{"self":[{"href":"https:\/\/zonaroja.com.mx\/index.php?rest_route=\/wp\/v2\/posts\/73281","targetHints":{"allow":["GET"]}}],"collection":[{"href":"https:\/\/zonaroja.com.mx\/index.php?rest_route=\/wp\/v2\/posts"}],"about":[{"href":"https:\/\/zonaroja.com.mx\/index.php?rest_route=\/wp\/v2\/types\/post"}],"author":[{"embeddable":true,"href":"https:\/\/zonaroja.com.mx\/index.php?rest_route=\/wp\/v2\/users\/2"}],"replies":[{"embeddable":true,"href":"https:\/\/zonaroja.com.mx\/index.php?rest_route=%2Fwp%2Fv2%2Fcomments&post=73281"}],"version-history":[{"count":1,"href":"https:\/\/zonaroja.com.mx\/index.php?rest_route=\/wp\/v2\/posts\/73281\/revisions"}],"predecessor-version":[{"id":73283,"href":"https:\/\/zonaroja.com.mx\/index.php?rest_route=\/wp\/v2\/posts\/73281\/revisions\/73283"}],"wp:featuredmedia":[{"embeddable":true,"href":"https:\/\/zonaroja.com.mx\/index.php?rest_route=\/wp\/v2\/media\/73282"}],"wp:attachment":[{"href":"https:\/\/zonaroja.com.mx\/index.php?rest_route=%2Fwp%2Fv2%2Fmedia&parent=73281"}],"wp:term":[{"taxonomy":"category","embeddable":true,"href":"https:\/\/zonaroja.com.mx\/index.php?rest_route=%2Fwp%2Fv2%2Fcategories&post=73281"},{"taxonomy":"post_tag","embeddable":true,"href":"https:\/\/zonaroja.com.mx\/index.php?rest_route=%2Fwp%2Fv2%2Ftags&post=73281"}],"curies":[{"name":"wp","href":"https:\/\/api.w.org\/{rel}","templated":true}]}}