{"id":73284,"date":"2024-10-09T19:10:42","date_gmt":"2024-10-10T01:10:42","guid":{"rendered":"https:\/\/zonaroja.com.mx\/?p=73284"},"modified":"2024-10-09T19:10:44","modified_gmt":"2024-10-10T01:10:44","slug":"con-34-proyectos-concluye-el-nasa-space-apps-challenge-en-oaxaca","status":"publish","type":"post","link":"https:\/\/zonaroja.com.mx\/?p=73284","title":{"rendered":"Con 34 proyectos, concluye el NASA Space Apps Challenge en Oaxaca"},"content":{"rendered":"\n<p>Redacci\u00f3n\/Zona Roja.<\/p>\n\n\n\n<p>Oaxaca de Ju\u00e1rez, Oax., a 9 de octubre de 2024.- Al grito de \u2018Oaxaca al espacio\u2019 y con la entrega de reconocimientos a equipos seleccionados para dar soluciones globales en un lapso de 48 horas, concluy\u00f3 el NASA Space Apps Challenge Oaxaca 2024, realizado por primera vez en la entidad.<\/p>\n\n\n\n<p>Durante dos d\u00edas continuos, 314 participantes provenientes de diferentes regiones del estado, de instituciones educativas p\u00fablicas y privadas se enfocaron en resolver alguno de los 20 desaf\u00edos lanzados por la NASA, relacionados con el tema anual \u201cEl Sol lo Toca Todo\u201d, como los efectos del cambio clim\u00e1tico, el uso de las energ\u00edas alternas, exoplanetas y el espacio.<\/p>\n\n\n\n<p>Para ello, la l\u00edder local y astronauta an\u00e1loga M\u00f3nica Ort\u00edz \u00c1lvarez as\u00ed como su Co L\u00edder, Adri\u00e1n Garc\u00eda Ram\u00edrez, en un hecho in\u00e9dito, lograron sumar esfuerzos de los sectores p\u00fablico, educativo, privado, sociedad civil, asociaciones como la del artista juchiteco Francisco Toledo, liderada por Sara L\u00f3pez Ellitsgaard -hija del renombrado artista- y el colectivo de 22 mujeres \u2018Arte Guenda\u2019, liderado por la pintora Ivonne Kennedy, as\u00ed como el m\u00fasico y compositor Ericel Franco.<\/p>\n\n\n\n<p>De esta forma 55 empresas y representantes de la sociedad civil, instituciones educativas, asociaciones empresariales como la Canirac, la Coparmex y la Asociaci\u00f3n Nacional de Hoteles y Moteles de Oaxaca, de prestigio local, nacional e internacional, Gobierno del Estado, a trav\u00e9s de la Secretar\u00eda de Desarrollo Econ\u00f3mico, el Consejo Oaxaque\u00f1o de Ciencia, Tecnolog\u00eda e Innovaci\u00f3n y la Secretar\u00eda de Educaci\u00f3n P\u00fablica, fueron patrocinadores, aliados y colaboradores para lograr que se llevara a cabo este evento sin fines de lucro, gratuito, sin presupuesto designado y sin ideolog\u00eda pol\u00edtica.<\/p>\n\n\n\n<p>A CONTRARRELOJ<\/p>\n\n\n\n<p>Durante dos d\u00edas, teniendo como sede el hotel Grand Fiesta Americana Oaxaca, un cuerpo de mentores nacionales y extranjeros de gran prestigio en el sector aeroespacial, incluidos los lideres locales, orientaron a todos y todas las participantes para alcanzar resultados de excelencia.<\/p>\n\n\n\n<p>El grupo de mentores fue integrado por la M\u00e9dico Espacial Diana Karen Hern\u00e1ndez Araujo; Axel N\u00fa\u00f1ez Arzola, Premio Nacional de la Juventud 2019 en la categor\u00eda de Ciencia y Tecnolog\u00eda; Itzc\u00f3atl N\u00fa\u00f1ez San Miguel, abogado en materia de transferencia de tecnolog\u00eda; Dr. Israel T\u00e9llez Gonz\u00e1lez, divulgador cient\u00edfico reconocido por History Channel y Nissan M\u00e9xico, y los peruanos, Nataly Andrea Rojas Barnett; el Ing. Rivaldo Dur\u00e1n Aquino, astronauta an\u00e1logo y coordinador de mentores.<\/p>\n\n\n\n<p>Posteriormente, junto con el jurado integrado por Dr. Ferm\u00edn Romero V\u00e1squez, presidente de la Fundaci\u00f3n Acerc\u00e1ndote al Universo; el Antrop\u00f3logo Gustavo Cabrera Embajador en M\u00e9xico de la Agencia Latinoamericana y Caribe\u00f1a del Espacio y el Mtro. Carlos Roberto de Jes\u00fas Duarte Mu\u00f1oz, Coordinador General de Formaci\u00f3n de Capital Humano de la Agencia Espacial Mexicana (AEM), revisaron los proyectos de 50 equipos inscritos, de los cuales 9 pasaron a una semifinal y concluyeron con la nominaci\u00f3n global de dos equipos, los cuales debido a su alta calidad, ser\u00e1n quienes representen a Oaxaca en la competencia mundial de 487 sedes evaluadas por cient\u00edficos de la NASA.<\/p>\n\n\n\n<p>Adicionalmente, los l\u00edderes locales decidieron incentivar la participaci\u00f3n de los concursantes con tres nominaciones adicionales desde el \u00e1mbito estatal tomando en cuenta la calidad de sus proyectos y adicionalmente factores como el de la inclusi\u00f3n de mujeres cient\u00edficas, el impacto para comunidades ind\u00edgenas y el uso y promoci\u00f3n de las lenguas originarias.<\/p>\n\n\n\n<p>GANADORES Y NOMINADOS<\/p>\n\n\n\n<p>Motus Spatialis es una app web creada en 48 horas de Space Mavericks, integrado por Jes\u00fas Alberto Gonz\u00e1lez Calder\u00f3n, Luis Felipe Morales Calvo, Hendrick Rasgado Matus, Aaron Yeshua Garc\u00eda L\u00f3pez, para visualizar sismos en Marte y la Luna.<\/p>\n\n\n\n<p>El segundo equipo denominado \u201cDreamy Code\u201d, atendi\u00f3 el desaf\u00edo de dise\u00f1ar una herramienta que permita a los agricultores explorar, analizar y utilizar f\u00e1cilmente los conjuntos de datos de la NASA. Sus integrantes son: Tania Mishell Castillo Serna; Karla Mart\u00ednez Bautista; Guadalupe Jazm\u00edn P\u00e9rez Ju\u00e1rez, Jos\u00e9 de Jes\u00fas Santiago Mart\u00ednez y Gael Asah\u00ed Jim\u00e9nez G\u00f3mez.<\/p>\n\n\n\n<p>Tambi\u00e9n se nominaron 3 equipos ganadores estatales, que se reconocieron por crear proyectos que buscan impactar a sus comunidades o bien promover el uso de lenguas originarias.<\/p>\n\n\n\n<p>Durante la ceremonia de entrega de reconocimientos, el co-l\u00edder Adri\u00e1n Garc\u00eda Ram\u00edrez se congratul\u00f3 porque \u201cestuvieron reunidos los corazones m\u00e1s grandes de Oaxaca y algunas de las mentes m\u00e1s brillantes de nuestro Estado, de M\u00e9xico y del Mundo\u201d.<\/p>\n\n\n\n<p>Resalt\u00f3 a Oaxaca como la cuna de grandes profesionistas, deportistas, artistas \u201cy pronto tambi\u00e9n de m\u00e1s astronautas\u201d, luego de agradecer a los aliados y patrocinadores, resaltando la cultura, historia y el potencial espacial de la regi\u00f3n puntualiz\u00f3:<\/p>\n\n\n\n<p>\u201cCuando convers\u00e9 con nuestra embajadora Sara Ellitsgaard me dijo: El maestro Francisco Toledo solo necesit\u00f3 que una persona creyera en \u00e9l para lograr todo lo que hizo por Oaxaca. Hoy no solo somos una persona, somos muchas voluntades, los que creemos en todos ustedes, en sus sue\u00f1os y proyectos\u201d.<\/p>\n\n\n\n<p>La l\u00edder local, primera astronauta an\u00e1loga oaxaque\u00f1a Monica Ort\u00edz \u00c1lvarez anunci\u00f3 que promover\u00e1 que los proyectos m\u00e1s destacados puedan acudir a exposiciones como la Feria Mexicana Aeroespacial 2025, entre otras, para visibilizar el esfuerzo y los altos est\u00e1ndares y calidad de sus propuestas.<\/p>\n\n\n\n<p>Alent\u00f3 a los participantes a perseguir sus sue\u00f1os y reconoci\u00f3 que a\u00fan hay pocas oportunidades para impulsar el talento por lo que consider\u00f3 necesario desarrollar eventos nacionales para incentivar al sector aeroespacial y que M\u00e9xico cuente con su propia industria de este sector.<\/p>\n\n\n\n<p>A su vez, el presidente de la Fundaci\u00f3n Acerc\u00e1ndote al Universo (FAU), Dr. Ferm\u00edn Romero V\u00e1zquez, invit\u00f3 a quienes participaron en esta competencia a unirse a esta organizaci\u00f3n que es el ecosistema mas grande en Am\u00e9rica Latina del sector aeroespacial.<\/p>\n\n\n\n<p>En representaci\u00f3n de la Agencia Espacial Mexicana, el Coordinador de Capital Humano de dicha instituci\u00f3n, el Mtro. Carlos Duarte Mu\u00f1oz, lanz\u00f3 a las y los oaxaque\u00f1os el reto de hacer de Oaxaca un polo de desarrollo tecnol\u00f3gico a partir de este marat\u00f3n de conocimientos.<\/p>\n\n\n\n<p>\u201cOaxaca tiene una calidad de vida que atrae el desarrollo de mentes brillantes, adicionalmente hay un tejido social fuerte que hace posible reunir a todos los sectores para lograr causas justas y de beneficio para todos, adem\u00e1s de contar con un proyecto como el Corredor Interoce\u00e1nico y talento humano brillante\u201d.<\/p>\n\n\n\n<p>Agreg\u00f3 que la ubicaci\u00f3n geogr\u00e1fica para el desarrollo de la ciencia ya no es funcional o imprescindible de manera que pueden conectarse f\u00e1cilmente con las herramientas tecnol\u00f3gicas actuales con todo el mundo, adem\u00e1s \u201cen Oaxaca hay una comunidad de extranjeros jubilados brillantes que pueden sumar a su juventud la experiencia y ser mentores para desarrollar industrias<\/p>\n\n\n\n<p>Finalmente expuso que los resultados de la ciencia y la innovaci\u00f3n tecnol\u00f3gica deben comenzar desde ahora porque en una analog\u00eda es como los nogales que hasta despu\u00e9s de 10 a\u00f1os de sembrados dan nueces, as\u00ed con este hackat\u00f3n siembran para cosechar frutos en un futuro a mediano plazo y por eso deben comenzar ya\u201d.<\/p>\n\n\n\n<p>Antes de concluir la ceremonia, la embajadora de este evento, Sara L\u00f3pez Ellitsgaard como representante de la Asociaci\u00f3n Civil Francisco Toledo, obsequi\u00f3 a cada equipo una obra del reconocido artista pl\u00e1stico como un incentivo para estos talentosos universitarios.<\/p>\n\n\n\n<p>Previamente, el director del Museo de las Culturas de Oaxaca, sede del evento de clausura, Jos\u00e9 Luis Noria S\u00e1nchez destac\u00f3 la labor de los liderazgos locales para realizar este magno evento y su apoyo incondicional a la juventud de Oaxaca.<\/p>\n\n\n\n<p>Cabe mencionar que a las y los embajadores -figura creada para sumar a la sociedad civil y representantes de la iniciativa privada- Adriana Aguilar, Sara Ellitsgaard, Jos\u00e9 Luis Bustamante, Marypaz Mart\u00ednez, Arturo P\u00e9rez, V\u00edctor Boh\u00f3rquez, Jose Cano, Ericel Franco, Ivonne Kennedy, Nydia Mata, Leticia Vasconcelos, Emiliano Navarrete, Pina Hamilton, Nazario Garc\u00eda, Ana Laura Rodr\u00edguez, Carlos Aguilar, se les hizo entrega de reconocimientos por su destacado apoyo para la realizaci\u00f3n de este hist\u00f3rico evento de talla internacional.<\/p>\n\n\n\n<p>A esta ceremonia acudieron representantes del Gobierno del Estado como la Directora de Cocitei, Xhunaxhi Fernanda Mau G\u00f3mez y la Secretaria de Educaci\u00f3n P\u00fablica, Delfina Guzm\u00e1n. Previamente a lo largo de este marat\u00f3n tambi\u00e9n particip\u00f3 el secretario de Desarrollo Econ\u00f3mico Ra\u00fal Ru\u00edz quien disert\u00f3 junto con los cient\u00edficos y participantes reunidos, su visi\u00f3n en la vinculaci\u00f3n de la ciencia y la tecnolog\u00eda con el desarrollo econ\u00f3mico.<\/p>\n","protected":false},"excerpt":{"rendered":"<p>Redacci\u00f3n\/Zona Roja. Oaxaca de Ju\u00e1rez, Oax., a 9 de octubre de 2024.- Al grito de&hellip;<\/p>\n","protected":false},"author":2,"featured_media":73286,"comment_status":"closed","ping_status":"open","sticky":false,"template":"","format":"standard","meta":{"_lmt_disableupdate":"","_lmt_disable":"","_jetpack_memberships_contains_paid_content":false,"footnotes":""},"categories":[109,46],"tags":[4024],"class_list":["post-73284","post","type-post","status-publish","format-standard","has-post-thumbnail","hentry","category-minuto-a-minuto","category-zona-blanca","tag-astronauta-monica-ortiz"],"jetpack_featured_media_url":"https:\/\/zonaroja.com.mx\/wp-content\/uploads\/2024\/10\/PHOTO-2024-10-09-12-22-18.jpg","jetpack_sharing_enabled":true,"_links":{"self":[{"href":"https:\/\/zonaroja.com.mx\/index.php?rest_route=\/wp\/v2\/posts\/73284","targetHints":{"allow":["GET"]}}],"collection":[{"href":"https:\/\/zonaroja.com.mx\/index.php?rest_route=\/wp\/v2\/posts"}],"about":[{"href":"https:\/\/zonaroja.com.mx\/index.php?rest_route=\/wp\/v2\/types\/post"}],"author":[{"embeddable":true,"href":"https:\/\/zonaroja.com.mx\/index.php?rest_route=\/wp\/v2\/users\/2"}],"replies":[{"embeddable":true,"href":"https:\/\/zonaroja.com.mx\/index.php?rest_route=%2Fwp%2Fv2%2Fcomments&post=73284"}],"version-history":[{"count":1,"href":"https:\/\/zonaroja.com.mx\/index.php?rest_route=\/wp\/v2\/posts\/73284\/revisions"}],"predecessor-version":[{"id":73287,"href":"https:\/\/zonaroja.com.mx\/index.php?rest_route=\/wp\/v2\/posts\/73284\/revisions\/73287"}],"wp:featuredmedia":[{"embeddable":true,"href":"https:\/\/zonaroja.com.mx\/index.php?rest_route=\/wp\/v2\/media\/73286"}],"wp:attachment":[{"href":"https:\/\/zonaroja.com.mx\/index.php?rest_route=%2Fwp%2Fv2%2Fmedia&parent=73284"}],"wp:term":[{"taxonomy":"category","embeddable":true,"href":"https:\/\/zonaroja.com.mx\/index.php?rest_route=%2Fwp%2Fv2%2Fcategories&post=73284"},{"taxonomy":"post_tag","embeddable":true,"href":"https:\/\/zonaroja.com.mx\/index.php?rest_route=%2Fwp%2Fv2%2Ftags&post=73284"}],"curies":[{"name":"wp","href":"https:\/\/api.w.org\/{rel}","templated":true}]}}