{"id":7329,"date":"2020-01-05T13:14:42","date_gmt":"2020-01-05T19:14:42","guid":{"rendered":"http:\/\/www.zonaroja.com.mx\/?p=7329"},"modified":"2020-01-05T13:14:45","modified_gmt":"2020-01-05T19:14:45","slug":"sin-reporte-de-danos-por-sismo-a-escuelas-ieepo-pide-revisar-planteles","status":"publish","type":"post","link":"https:\/\/zonaroja.com.mx\/?p=7329","title":{"rendered":"Sin reporte de da\u00f1os por sismo a escuelas; IEEPO pide revisar planteles"},"content":{"rendered":"\n<p>Redacci\u00f3n\/Zona\nRoja.<\/p>\n\n\n\n<p>Oaxaca\nde Ju\u00e1rez, Oax., 5 de enero de 2020.- De acuerdo con reportes de la\nCoordinaci\u00f3n Estatal de Protecci\u00f3n Civil de Oaxaca, hasta el momento no hay centros\neducativos afectados por los sismos de anoche, en la regi\u00f3n del Istmo de\nTehuantepec.<\/p>\n\n\n\n<p>Pese\na ello y como una medida preventiva, el Instituto Estatal de Educaci\u00f3n P\u00fablica\nde Oaxaca (IEEPO) recomend\u00f3 a las autoridades municipales, escolares, madres y\npadres de familia, llevar a cabo la verificaci\u00f3n y revisi\u00f3n de posibles da\u00f1os\nen los planteles escolares p\u00fablicos y privados de educaci\u00f3n b\u00e1sica en la\nentidad.<\/p>\n\n\n\n<p>En\nun comunicado, expuso que dentro del \u00e1mbito de su competencia, por instrucciones\ndel Director General, Francisco \u00c1ngel Villarreal, desde el primer momento de la\ncontingencia, el organismo inici\u00f3 un monitoreo en las ocho regiones del estado,\nprincipalmente en el Istmo, para garantizar la seguridad e integridad de docentes,\nalumnos y personal administrativo que regresar\u00e1 a sus actividades el mi\u00e9rcoles\n8 de enero.<\/p>\n\n\n\n<p>De\nacuerdo con los primeros reportes que se tienen, no existe riesgo alguno; sin\nembargo, las autoridades municipales y escolares junto con las madres y padres\nde familia que as\u00ed lo consideren, pueden realizar una inspecci\u00f3n ocular de las\ncondiciones de la infraestructura educativa y constatar que se encuentran en\ncondiciones de reiniciar con las clases.<\/p>\n\n\n\n<p>Agreg\u00f3\nque e IEEPO de manera permanente promueve la cultura de protecci\u00f3n civil en las\nescuelas de nivel b\u00e1sico, as\u00ed como la integraci\u00f3n de los Comit\u00e9s de Seguridad y\nEmergencia Escolar. <\/p>\n\n\n\n<p>Adem\u00e1s,\nse encuentra pendiente de los reportes que se puedan generar a trav\u00e9s del \u00c1rea\nde Protecci\u00f3n Civil y Emergencia Escolar, a los tel\u00e9fonos 951 143 31 76 y 951\n207 52 39.<\/p>\n\n\n\n<p>Por\notra parte, pidi\u00f3 a la comunidad escolar, docente, padres y madres de familia,\nestar atentos de los avisos de la Coordinaci\u00f3n Estatal de Protecci\u00f3n Civil de\nOaxaca (CEPCO) y&nbsp; seguir las\nrecomendaciones que se emitan.<\/p>\n","protected":false},"excerpt":{"rendered":"<p>Redacci\u00f3n\/Zona Roja. Oaxaca de Ju\u00e1rez, Oax., 5 de enero de 2020.- De acuerdo con reportes&hellip;<\/p>\n","protected":false},"author":2,"featured_media":7330,"comment_status":"closed","ping_status":"open","sticky":false,"template":"","format":"standard","meta":{"_lmt_disableupdate":"","_lmt_disable":"","_jetpack_memberships_contains_paid_content":false,"footnotes":""},"categories":[109,46],"tags":[599,1054],"class_list":["post-7329","post","type-post","status-publish","format-standard","has-post-thumbnail","hentry","category-minuto-a-minuto","category-zona-blanca","tag-instituto-estatal-de-educacion-publica-de-oaxaca","tag-sismos-oaxaca"],"jetpack_featured_media_url":"https:\/\/zonaroja.com.mx\/wp-content\/uploads\/2020\/01\/01-IMAGEN-DE-ARCHIVO.jpg","jetpack_sharing_enabled":true,"_links":{"self":[{"href":"https:\/\/zonaroja.com.mx\/index.php?rest_route=\/wp\/v2\/posts\/7329","targetHints":{"allow":["GET"]}}],"collection":[{"href":"https:\/\/zonaroja.com.mx\/index.php?rest_route=\/wp\/v2\/posts"}],"about":[{"href":"https:\/\/zonaroja.com.mx\/index.php?rest_route=\/wp\/v2\/types\/post"}],"author":[{"embeddable":true,"href":"https:\/\/zonaroja.com.mx\/index.php?rest_route=\/wp\/v2\/users\/2"}],"replies":[{"embeddable":true,"href":"https:\/\/zonaroja.com.mx\/index.php?rest_route=%2Fwp%2Fv2%2Fcomments&post=7329"}],"version-history":[{"count":1,"href":"https:\/\/zonaroja.com.mx\/index.php?rest_route=\/wp\/v2\/posts\/7329\/revisions"}],"predecessor-version":[{"id":7331,"href":"https:\/\/zonaroja.com.mx\/index.php?rest_route=\/wp\/v2\/posts\/7329\/revisions\/7331"}],"wp:featuredmedia":[{"embeddable":true,"href":"https:\/\/zonaroja.com.mx\/index.php?rest_route=\/wp\/v2\/media\/7330"}],"wp:attachment":[{"href":"https:\/\/zonaroja.com.mx\/index.php?rest_route=%2Fwp%2Fv2%2Fmedia&parent=7329"}],"wp:term":[{"taxonomy":"category","embeddable":true,"href":"https:\/\/zonaroja.com.mx\/index.php?rest_route=%2Fwp%2Fv2%2Fcategories&post=7329"},{"taxonomy":"post_tag","embeddable":true,"href":"https:\/\/zonaroja.com.mx\/index.php?rest_route=%2Fwp%2Fv2%2Ftags&post=7329"}],"curies":[{"name":"wp","href":"https:\/\/api.w.org\/{rel}","templated":true}]}}