{"id":73291,"date":"2024-10-09T22:19:29","date_gmt":"2024-10-10T04:19:29","guid":{"rendered":"https:\/\/zonaroja.com.mx\/?p=73291"},"modified":"2024-10-09T22:19:31","modified_gmt":"2024-10-10T04:19:31","slug":"de-nuevo-el-istmo-asesinan-a-un-individuo-y-dejan-a-otro-lesionado","status":"publish","type":"post","link":"https:\/\/zonaroja.com.mx\/?p=73291","title":{"rendered":"De nuevo el Istmo: asesinan a un individuo y dejan a otro lesionado"},"content":{"rendered":"\n<p>Raymundo Morales\/Zona Roja.<\/p>\n\n\n\n<p>Oaxaca de Ju\u00e1rez, Oax., a 9 de octubre de 2024.- En un presunto ataque armado ocurrido en Juchit\u00e1n de Zaragoza, una persona del sexo masculino perdi\u00f3 la vida y otra m\u00e1s result\u00f3 lesionada.<\/p>\n\n\n\n<p>Los hechos sucedieron en una vialidad de la colonia Huanacastle, donde fueron localizadas las v\u00edctimas en el interior de un veh\u00edculo compacto.<\/p>\n\n\n\n<p>Param\u00e9dicos arribaron a la zona y atendieron a los heridos de bala, para luego trasladarlos al hospital; sin embargo, antes de recibir atenci\u00f3n m\u00e9dica, muri\u00f3 Cristhoper F. M., mientras que Jos\u00e9 Abel M. permanece hospitalizado.<\/p>\n\n\n\n<p>Hasta el momento no hay mayores detalles acerca del motivo de la agresi\u00f3n armada, lo cual investiga la Fiscal\u00eda General del Estado de Oaxaca, a trav\u00e9s de la Vicefiscal\u00eda Regional del Istmo.<\/p>\n\n\n\n<p>Por otra parte, este mi\u00e9rcoles se dio a conocer el asesinato de una persona en la localidad de Monjas, perteneciente al distrito de Miahuatl\u00e1n, en la regi\u00f3n Sierra Sur.<\/p>\n\n\n\n<p>La v\u00edctima fue identificada como Elegid V. L., quien fue ultimado a balazos en el barrio Guadalupe, por parte de sujetos desconocidos.<\/p>\n\n\n\n<p>Mientras tanto en San Pedro Juchatengo, municipio del distrito de Sola de Vega, regi\u00f3n Sierra Sur, otra persona del sexo masculino fue ejecutada por disparos de arma de fuego.<\/p>\n\n\n\n<p>A la v\u00edctima le colocaron ademas una cartulina, con un mensaje de un supuesto grupo criminal y hasta el momento se desconoce su identidad.<\/p>\n","protected":false},"excerpt":{"rendered":"<p>Raymundo Morales\/Zona Roja. Oaxaca de Ju\u00e1rez, Oax., a 9 de octubre de 2024.- En un&hellip;<\/p>\n","protected":false},"author":2,"featured_media":73292,"comment_status":"closed","ping_status":"open","sticky":false,"template":"","format":"standard","meta":{"_lmt_disableupdate":"","_lmt_disable":"","_jetpack_memberships_contains_paid_content":false,"footnotes":""},"categories":[109,51],"tags":[123],"class_list":["post-73291","post","type-post","status-publish","format-standard","has-post-thumbnail","hentry","category-minuto-a-minuto","category-zona-roja","tag-juchitan-de-zaragoza"],"jetpack_featured_media_url":"https:\/\/zonaroja.com.mx\/wp-content\/uploads\/2024\/10\/Asesinado-Juchatengo.jpg","jetpack_sharing_enabled":true,"_links":{"self":[{"href":"https:\/\/zonaroja.com.mx\/index.php?rest_route=\/wp\/v2\/posts\/73291","targetHints":{"allow":["GET"]}}],"collection":[{"href":"https:\/\/zonaroja.com.mx\/index.php?rest_route=\/wp\/v2\/posts"}],"about":[{"href":"https:\/\/zonaroja.com.mx\/index.php?rest_route=\/wp\/v2\/types\/post"}],"author":[{"embeddable":true,"href":"https:\/\/zonaroja.com.mx\/index.php?rest_route=\/wp\/v2\/users\/2"}],"replies":[{"embeddable":true,"href":"https:\/\/zonaroja.com.mx\/index.php?rest_route=%2Fwp%2Fv2%2Fcomments&post=73291"}],"version-history":[{"count":1,"href":"https:\/\/zonaroja.com.mx\/index.php?rest_route=\/wp\/v2\/posts\/73291\/revisions"}],"predecessor-version":[{"id":73293,"href":"https:\/\/zonaroja.com.mx\/index.php?rest_route=\/wp\/v2\/posts\/73291\/revisions\/73293"}],"wp:featuredmedia":[{"embeddable":true,"href":"https:\/\/zonaroja.com.mx\/index.php?rest_route=\/wp\/v2\/media\/73292"}],"wp:attachment":[{"href":"https:\/\/zonaroja.com.mx\/index.php?rest_route=%2Fwp%2Fv2%2Fmedia&parent=73291"}],"wp:term":[{"taxonomy":"category","embeddable":true,"href":"https:\/\/zonaroja.com.mx\/index.php?rest_route=%2Fwp%2Fv2%2Fcategories&post=73291"},{"taxonomy":"post_tag","embeddable":true,"href":"https:\/\/zonaroja.com.mx\/index.php?rest_route=%2Fwp%2Fv2%2Ftags&post=73291"}],"curies":[{"name":"wp","href":"https:\/\/api.w.org\/{rel}","templated":true}]}}