{"id":73297,"date":"2024-10-10T08:15:00","date_gmt":"2024-10-10T14:15:00","guid":{"rendered":"https:\/\/zonaroja.com.mx\/?p=73297"},"modified":"2024-10-10T07:01:02","modified_gmt":"2024-10-10T13:01:02","slug":"despliega-fiscalia-equipo-multidisciplinario-para-buscar-a-sandra-dominguez-y-su-esposo","status":"publish","type":"post","link":"https:\/\/zonaroja.com.mx\/?p=73297","title":{"rendered":"Despliega Fiscal\u00eda equipo multidisciplinario para buscar a Sandra Dom\u00ednguez y su esposo"},"content":{"rendered":"\n<p>Raymundo Morales\/Zona Roja.<\/p>\n\n\n\n<p>Oaxaca de Ju\u00e1rez, Oax., a 10 de octubre de 2024.- Tras recibir la denuncia formal, la Fiscal\u00eda General del Estado de Oaxaca (FGEO) despleg\u00f3 un equipo multidisciplinario en la regi\u00f3n Cuenca para hallar a la abogada y activista Sandra Estefana Dom\u00ednguez Mart\u00ednez y su esposo Alexander Hern\u00e1ndez Hern\u00e1ndez.<\/p>\n\n\n\n<p>Ambos fueron reportados como desaparecidos desde el 4 de octubre y fue el 8 del mismo mes en que la instituci\u00f3n recibi\u00f3 la denuncia formal, por lo que se realizan las indagatorias aplicando los protocolos especializados en los que incluye la perspectiva de g\u00e9nero, inform\u00f3 en un comunicado.<\/p>\n\n\n\n<p>Las personas fueron vistas por \u00faltima vez en Mar\u00eda Lombardo, en la regi\u00f3n de la Cuenca del Papaloapan. Al recibir la denuncia, la FGEO inici\u00f3 de manera inmediata las labores de investigaci\u00f3n a trav\u00e9s de la Vicefiscal\u00eda General de Atenci\u00f3n a V\u00edctimas y la Sociedad.<\/p>\n\n\n\n<p>\u201cLa Fiscal\u00eda de Oaxaca despleg\u00f3 un equipo multidisciplinario integrado por personal de la Unidad de B\u00fasqueda de Personas No Localizadas para realizar los actos de investigaci\u00f3n necesarios que permitan localizar a las v\u00edctimas.<\/p>\n\n\n\n<p>\u201cAsimismo, realiza un an\u00e1lisis contextual de ambas personas no localizadas, esta herramienta de investigaci\u00f3n permitir\u00e1 indagar a profundidad en el entorno y actividades de ambas personas no localizadas, con el objetivo de obtener indicios que permitan identificar las causas y factores de riesgo, as\u00ed como indicios que puedan ser claves para su ubicaci\u00f3n\u201d, destac\u00f3.<\/p>\n\n\n\n<p>A\u00f1adi\u00f3 que realiza las indagatorias considerando todas las l\u00edneas de investigaci\u00f3n y con perspectiva de g\u00e9nero como un eje transversal que permita llevar a cabo los actos de investigaci\u00f3n considerando las particularidades del caso y de las personas no localizadas.<\/p>\n\n\n\n<p>\u201cLa Fiscal\u00eda de Oaxaca reiter\u00f3 su compromiso de aplicar los protocolos de investigaci\u00f3n ante casos de personas No Localizadas para realizar investigaciones multidisciplinarias e integrar diferentes \u00e1reas hasta agotar los recursos ministeriales para dar con el paradero de las v\u00edctimas\u201d, destac\u00f3.<\/p>\n","protected":false},"excerpt":{"rendered":"<p>Raymundo Morales\/Zona Roja. Oaxaca de Ju\u00e1rez, Oax., a 10 de octubre de 2024.- Tras recibir&hellip;<\/p>\n","protected":false},"author":2,"featured_media":73285,"comment_status":"closed","ping_status":"open","sticky":false,"template":"","format":"standard","meta":{"_lmt_disableupdate":"","_lmt_disable":"","_jetpack_memberships_contains_paid_content":false,"footnotes":""},"categories":[109,46],"tags":[494,4086],"class_list":["post-73297","post","type-post","status-publish","format-standard","has-post-thumbnail","hentry","category-minuto-a-minuto","category-zona-blanca","tag-fiscalia-general-del-estado-de-oaxaca","tag-sandra-dominguez"],"jetpack_featured_media_url":"https:\/\/zonaroja.com.mx\/wp-content\/uploads\/2024\/10\/Sandra-Dominguez-y-Alexander-Hernandez.jpg","jetpack_sharing_enabled":true,"_links":{"self":[{"href":"https:\/\/zonaroja.com.mx\/index.php?rest_route=\/wp\/v2\/posts\/73297","targetHints":{"allow":["GET"]}}],"collection":[{"href":"https:\/\/zonaroja.com.mx\/index.php?rest_route=\/wp\/v2\/posts"}],"about":[{"href":"https:\/\/zonaroja.com.mx\/index.php?rest_route=\/wp\/v2\/types\/post"}],"author":[{"embeddable":true,"href":"https:\/\/zonaroja.com.mx\/index.php?rest_route=\/wp\/v2\/users\/2"}],"replies":[{"embeddable":true,"href":"https:\/\/zonaroja.com.mx\/index.php?rest_route=%2Fwp%2Fv2%2Fcomments&post=73297"}],"version-history":[{"count":1,"href":"https:\/\/zonaroja.com.mx\/index.php?rest_route=\/wp\/v2\/posts\/73297\/revisions"}],"predecessor-version":[{"id":73298,"href":"https:\/\/zonaroja.com.mx\/index.php?rest_route=\/wp\/v2\/posts\/73297\/revisions\/73298"}],"wp:featuredmedia":[{"embeddable":true,"href":"https:\/\/zonaroja.com.mx\/index.php?rest_route=\/wp\/v2\/media\/73285"}],"wp:attachment":[{"href":"https:\/\/zonaroja.com.mx\/index.php?rest_route=%2Fwp%2Fv2%2Fmedia&parent=73297"}],"wp:term":[{"taxonomy":"category","embeddable":true,"href":"https:\/\/zonaroja.com.mx\/index.php?rest_route=%2Fwp%2Fv2%2Fcategories&post=73297"},{"taxonomy":"post_tag","embeddable":true,"href":"https:\/\/zonaroja.com.mx\/index.php?rest_route=%2Fwp%2Fv2%2Ftags&post=73297"}],"curies":[{"name":"wp","href":"https:\/\/api.w.org\/{rel}","templated":true}]}}