{"id":73299,"date":"2024-10-10T09:20:00","date_gmt":"2024-10-10T15:20:00","guid":{"rendered":"https:\/\/zonaroja.com.mx\/?p=73299"},"modified":"2024-10-10T08:04:31","modified_gmt":"2024-10-10T14:04:31","slug":"detienen-y-vinculan-a-proceso-a-un-juez-de-oaxaca-acusado-de-corrupcion","status":"publish","type":"post","link":"https:\/\/zonaroja.com.mx\/?p=73299","title":{"rendered":"Detienen y vinculan a proceso a un juez de Oaxaca acusado de corrupci\u00f3n\u00a0"},"content":{"rendered":"\n<p>Raymundo Morales\/Zona Roja.<\/p>\n\n\n\n<p>Oaxaca de Ju\u00e1rez, Oax., a 10 de octubre de 2024.- Por presuntos actos de corrupci\u00f3n cometidos en la regi\u00f3n Costa, la Fiscal\u00eda Anticorrupci\u00f3n de Oaxaca detuvo y logr\u00f3 la vinculaci\u00f3n a proceso a un juez del Tribunal Superior de Justicia.<\/p>\n\n\n\n<p>Se trata de S\u00f3stenes Felipe L., juez de Primera Instancia con sede en Puerto Escondido, donde habr\u00eda cometido una serie de actos para despojar de predios a diversos ciudadanos, quienes interpusieron la denuncia correspondiente.<\/p>\n\n\n\n<p>A trav\u00e9s de un comunicado, a Fiscal\u00eda Especializada en Materia de Combate a la Corrupci\u00f3n inform\u00f3 que la audiencia se llev\u00f3 a cabo los d\u00edas 8 y 9 de este mes de octubre.<\/p>\n\n\n\n<p>Tras formularse la imputaci\u00f3n, logr\u00f3 la vinculaci\u00f3n a proceso por Delitos Cometidos en Contra de la Administraci\u00f3n de Justicia; asimismo, se impuso la medida cautelar de suspensi\u00f3n temporal en el ejercicio del cargo.<\/p>\n\n\n\n<p>La fiscal Anticorrupci\u00f3n, Karina Reyes \u00c1vila, reiter\u00f3 que su administraci\u00f3n mantendr\u00e1 su compromiso por para llevar a cabo acciones contundentes que fortalezcan el combate a la corrupci\u00f3n en la entidad.<\/p>\n\n\n\n<p>S\u00f3stenes Felipe L. L. se desempe\u00f1aba como titular en el Juzgad Mixto con sede en Puerto Escondido, San Pedro Mixtepec, regi\u00f3n de la Costa.<\/p>\n\n\n\n<p>El Consejo de la Judicatura del Poder Judicial del Estado revisa diversas quejas que hay por su actuaci\u00f3n, presuntamente parcial y en perjuicio de personas que aseguran han sido despojadas de sus predios.<\/p>\n","protected":false},"excerpt":{"rendered":"<p>Raymundo Morales\/Zona Roja. Oaxaca de Ju\u00e1rez, Oax., a 10 de octubre de 2024.- Por presuntos&hellip;<\/p>\n","protected":false},"author":2,"featured_media":73300,"comment_status":"closed","ping_status":"open","sticky":false,"template":"","format":"standard","meta":{"_lmt_disableupdate":"","_lmt_disable":"","_jetpack_memberships_contains_paid_content":false,"footnotes":""},"categories":[109,46],"tags":[681],"class_list":["post-73299","post","type-post","status-publish","format-standard","has-post-thumbnail","hentry","category-minuto-a-minuto","category-zona-blanca","tag-fiscalia-anticorrupcion"],"jetpack_featured_media_url":"https:\/\/zonaroja.com.mx\/wp-content\/uploads\/2024\/10\/Poder-Judicial-Oaxaca-Tribunal-Superior-de-justicia.jpg","jetpack_sharing_enabled":true,"_links":{"self":[{"href":"https:\/\/zonaroja.com.mx\/index.php?rest_route=\/wp\/v2\/posts\/73299","targetHints":{"allow":["GET"]}}],"collection":[{"href":"https:\/\/zonaroja.com.mx\/index.php?rest_route=\/wp\/v2\/posts"}],"about":[{"href":"https:\/\/zonaroja.com.mx\/index.php?rest_route=\/wp\/v2\/types\/post"}],"author":[{"embeddable":true,"href":"https:\/\/zonaroja.com.mx\/index.php?rest_route=\/wp\/v2\/users\/2"}],"replies":[{"embeddable":true,"href":"https:\/\/zonaroja.com.mx\/index.php?rest_route=%2Fwp%2Fv2%2Fcomments&post=73299"}],"version-history":[{"count":1,"href":"https:\/\/zonaroja.com.mx\/index.php?rest_route=\/wp\/v2\/posts\/73299\/revisions"}],"predecessor-version":[{"id":73301,"href":"https:\/\/zonaroja.com.mx\/index.php?rest_route=\/wp\/v2\/posts\/73299\/revisions\/73301"}],"wp:featuredmedia":[{"embeddable":true,"href":"https:\/\/zonaroja.com.mx\/index.php?rest_route=\/wp\/v2\/media\/73300"}],"wp:attachment":[{"href":"https:\/\/zonaroja.com.mx\/index.php?rest_route=%2Fwp%2Fv2%2Fmedia&parent=73299"}],"wp:term":[{"taxonomy":"category","embeddable":true,"href":"https:\/\/zonaroja.com.mx\/index.php?rest_route=%2Fwp%2Fv2%2Fcategories&post=73299"},{"taxonomy":"post_tag","embeddable":true,"href":"https:\/\/zonaroja.com.mx\/index.php?rest_route=%2Fwp%2Fv2%2Ftags&post=73299"}],"curies":[{"name":"wp","href":"https:\/\/api.w.org\/{rel}","templated":true}]}}