{"id":73305,"date":"2024-10-10T11:15:00","date_gmt":"2024-10-10T17:15:00","guid":{"rendered":"https:\/\/zonaroja.com.mx\/?p=73305"},"modified":"2024-10-10T08:21:27","modified_gmt":"2024-10-10T14:21:27","slug":"sigue-intensa-la-ola-delictiva-en-chilpancingo-guerrero","status":"publish","type":"post","link":"https:\/\/zonaroja.com.mx\/?p=73305","title":{"rendered":"Sigue intensa la ola delictiva en Chilpancingo, Guerrero"},"content":{"rendered":"\n<p>Redacci\u00f3n\/Zona Roja Cdmx.<\/p>\n\n\n\n<p>Ciudad de M\u00e9xico, a 10 de octubre de 2024.- En medio de la crisis de seguridad que vive Chilpancingo, Guerrero, ayer fue asesinado Orlando P\u00e9rez Nava, alias \u00abEl R13\u201d, identificado como uno de los hombres de mayor confianza de Pedro Giovani Guti\u00e9rrez Hern\u00e1ndez, \u201cEl Marras\u201d, jefe de plaza en Chilpancingo para \u201cLos Tlacos\u201d y\/o el C\u00e1rtel de la Sierra.<\/p>\n\n\n\n<p>P\u00e9rez Nava fue asesinado a balazos en la colonia Tomatal, en la capital del estado. En ese municipio, apenas el domingo asesinaron y decapitaron al alcalde Alejandro Arcos Catal\u00e1n.<\/p>\n\n\n\n<p>\u201cLos Tlacos\u201d son liderados por On\u00e9simo Marquina Chapa, \u201cEl Necho\u201d; Javier Marquina Chapa, \u201cEl Barbas\u201d; Isaac Navarrete, \u201cEl Se\u00f1or de la I\u201d, y Raymundo Gaspar, \u201cEl Conejo\u201d, objetivos del gobierno.<\/p>\n\n\n\n<p>Orlando P\u00e9rez Nava ya hab\u00eda sido detenido el 14 de noviembre de 2021, pero qued\u00f3 en libertad por razones a\u00fan desconocidas.<\/p>\n\n\n\n<p>La ciudad de Chilpancingo, azotada por la violencia, es disputada por al menos seis organizaciones criminales<\/p>\n\n\n\n<p>ARRECIA VIOLENCIA<\/p>\n\n\n\n<p>El pasado 6 de octubre fue decapitado el alcalde de Chilpancingo, Alejandro Arcos, quien ten\u00eda apenas seis d\u00edas en el cargo.<\/p>\n\n\n\n<p>Su cuerpo fue hallado al interior de una camioneta, abandonada en la calle Moctezuma, de dicho municipio.<\/p>\n\n\n\n<p>La noticia fue confirmada por el dirigente nacional del PRI, Alejandro Moreno C\u00e1rdenas, quien pidi\u00f3 a la Fiscal\u00eda General de la Rep\u00fablica se encargue de las investigaciones sobre el asesinato del alcalde de Chilpancingo.<\/p>\n\n\n\n<p>D\u00edas antes, fue reportado el homicidio del nuevo secretario del Ayuntamiento, Francisco Gonzalo Tapia Guti\u00e9rrez en pleno centro de la ciudad.<\/p>\n\n\n\n<p>Hasta el momento, las autoridades desconocen qui\u00e9n podr\u00eda estar detr\u00e1s del homicidio; sin embargo, algunas versiones apuntan al grupo criminal \u201cLos Ardillos\u201d, quienes ya han cometido este modus operandi.<\/p>\n\n\n\n<p>(Informaci\u00f3n de \u201cEl Financiero\u201d)<\/p>\n","protected":false},"excerpt":{"rendered":"<p>Redacci\u00f3n\/Zona Roja Cdmx. Ciudad de M\u00e9xico, a 10 de octubre de 2024.- En medio de&hellip;<\/p>\n","protected":false},"author":2,"featured_media":73306,"comment_status":"closed","ping_status":"open","sticky":false,"template":"","format":"standard","meta":{"_lmt_disableupdate":"","_lmt_disable":"","_jetpack_memberships_contains_paid_content":false,"footnotes":""},"categories":[109,47],"tags":[3607],"class_list":["post-73305","post","type-post","status-publish","format-standard","has-post-thumbnail","hentry","category-minuto-a-minuto","category-zona-gris","tag-chilpancingo-guerrero"],"jetpack_featured_media_url":"https:\/\/zonaroja.com.mx\/wp-content\/uploads\/2024\/10\/Chilpancingo-Guerrero.jpeg.webp","jetpack_sharing_enabled":true,"_links":{"self":[{"href":"https:\/\/zonaroja.com.mx\/index.php?rest_route=\/wp\/v2\/posts\/73305","targetHints":{"allow":["GET"]}}],"collection":[{"href":"https:\/\/zonaroja.com.mx\/index.php?rest_route=\/wp\/v2\/posts"}],"about":[{"href":"https:\/\/zonaroja.com.mx\/index.php?rest_route=\/wp\/v2\/types\/post"}],"author":[{"embeddable":true,"href":"https:\/\/zonaroja.com.mx\/index.php?rest_route=\/wp\/v2\/users\/2"}],"replies":[{"embeddable":true,"href":"https:\/\/zonaroja.com.mx\/index.php?rest_route=%2Fwp%2Fv2%2Fcomments&post=73305"}],"version-history":[{"count":1,"href":"https:\/\/zonaroja.com.mx\/index.php?rest_route=\/wp\/v2\/posts\/73305\/revisions"}],"predecessor-version":[{"id":73307,"href":"https:\/\/zonaroja.com.mx\/index.php?rest_route=\/wp\/v2\/posts\/73305\/revisions\/73307"}],"wp:featuredmedia":[{"embeddable":true,"href":"https:\/\/zonaroja.com.mx\/index.php?rest_route=\/wp\/v2\/media\/73306"}],"wp:attachment":[{"href":"https:\/\/zonaroja.com.mx\/index.php?rest_route=%2Fwp%2Fv2%2Fmedia&parent=73305"}],"wp:term":[{"taxonomy":"category","embeddable":true,"href":"https:\/\/zonaroja.com.mx\/index.php?rest_route=%2Fwp%2Fv2%2Fcategories&post=73305"},{"taxonomy":"post_tag","embeddable":true,"href":"https:\/\/zonaroja.com.mx\/index.php?rest_route=%2Fwp%2Fv2%2Ftags&post=73305"}],"curies":[{"name":"wp","href":"https:\/\/api.w.org\/{rel}","templated":true}]}}