{"id":73316,"date":"2024-10-10T18:06:45","date_gmt":"2024-10-11T00:06:45","guid":{"rendered":"https:\/\/zonaroja.com.mx\/?p=73316"},"modified":"2024-10-10T18:59:37","modified_gmt":"2024-10-11T00:59:37","slug":"ejecutan-a-un-individuo-en-la-capita-de-oaxaca-y-otro-en-juchitan","status":"publish","type":"post","link":"https:\/\/zonaroja.com.mx\/?p=73316","title":{"rendered":"Ejecutan a un individuo en la capital de Oaxaca y otro en Juchit\u00e1n"},"content":{"rendered":"\n<p>Ismael Garc\u00eda M.\/Zona Roja.<\/p>\n\n\n\n<p>Oaxaca de Ju\u00e1rez, Oax., a 10 de octubre de 2024.- Dos personas fueron ejecutadas a balazos esta tarde en Oaxaca.<\/p>\n\n\n\n<p>Un caso ocurri\u00f3 en la avenida La Paz, agencia municipal de San Juan Chapultepec, en la capital, donde ultimaron a un individuo.<\/p>\n\n\n\n<p>La v\u00edctima fue identificada de manera preliminar como Celso Antonio P., de 32 a\u00f1os de edad, cuyo cuerpo qued\u00f3 debajo de un veh\u00edculo de motor.<\/p>\n\n\n\n<p>El crimen se cometi\u00f3 cerca de una c\u00e1mara de seguridad oficial, por lo que se espera que las autoridades estatales cuenten ya con la filiaci\u00f3n del agresor.<\/p>\n\n\n\n<p>Personal de la Fiscal\u00eda General del Estado de Oaxaca arrib\u00f3 a la zona para indagar los hechos y de manera preliminar se inform\u00f3 que se hallaron casquillos percutidos de arma de grueso calibre.<\/p>\n\n\n\n<p>Tambi\u00e9n la tarde de hoy pero en Juchit\u00e1n de Zaragoza, se registro otro ataque armado con armas de uso exclusivo del Ej\u00e9rcito Mexicano, en la calle 2 de Noviembre de la Cuarta Secci\u00f3n de dicha municipalidad de la regi\u00f3n del Istmo.<\/p>\n\n\n\n<p>El hoy occiso fue abatido en el interior de una camioneta marca Nissan, tipo Estaquitas, con placas de circulaci\u00f3n NYU-4984.<\/p>\n\n\n\n<p>De manera preliminar, la v\u00edctima fue identificada como Samuel H. J., de 34 a\u00f1os de edad, originaria del municipio de Santiago Astata. La Vicefiscal\u00eda Regional del Istmo inici\u00f3 con las investigaciones correspondientes a fin de esclarecer el caso.<\/p>\n\n\n\n<figure class=\"wp-block-embed is-type-rich is-provider-twitter wp-block-embed-twitter\"><div class=\"wp-block-embed__wrapper\">\n<div class=\"twitter-tweet\"><blockquote class=\"twitter-tweet\" data-lang=\"es\"><p lang=\"es\" dir=\"ltr\">Como Celso Antonio P., de 32 a\u00f1os de edad, fue identificado el ejecutado a balazos esta tarde en la agencia de San Juan Chapultepec, en la capital de Oaxaca. <br>El ataque ocurri\u00f3 debajo de una c\u00e1mara de seguridad; hasta el momento no hay reporte de personas detenidas. <a href=\"https:\/\/t.co\/yus6MSBunk\">pic.twitter.com\/yus6MSBunk<\/a><\/p>&mdash; Zona Roja Oaxaca (@ZonaRoja_Oaxaca) <a href=\"https:\/\/twitter.com\/ZonaRoja_Oaxaca\/status\/1844507758726709636?ref_src=twsrc%5Etfw\">10 de octubre de 2024<\/a><\/blockquote><\/div>\n<\/div><\/figure>\n","protected":false},"excerpt":{"rendered":"<p>Ismael Garc\u00eda M.\/Zona Roja. Oaxaca de Ju\u00e1rez, Oax., a 10 de octubre de 2024.- Dos&hellip;<\/p>\n","protected":false},"author":2,"featured_media":73317,"comment_status":"closed","ping_status":"open","sticky":false,"template":"","format":"standard","meta":{"_lmt_disableupdate":"","_lmt_disable":"","_jetpack_memberships_contains_paid_content":false,"footnotes":""},"categories":[109,51],"tags":[297],"class_list":["post-73316","post","type-post","status-publish","format-standard","has-post-thumbnail","hentry","category-minuto-a-minuto","category-zona-roja","tag-ejecutado-juchitan"],"jetpack_featured_media_url":"https:\/\/zonaroja.com.mx\/wp-content\/uploads\/2024\/10\/Asesinado-ciudad-de-Oaxaca-San-Juan-Chapultepec.jpeg","jetpack_sharing_enabled":true,"_links":{"self":[{"href":"https:\/\/zonaroja.com.mx\/index.php?rest_route=\/wp\/v2\/posts\/73316","targetHints":{"allow":["GET"]}}],"collection":[{"href":"https:\/\/zonaroja.com.mx\/index.php?rest_route=\/wp\/v2\/posts"}],"about":[{"href":"https:\/\/zonaroja.com.mx\/index.php?rest_route=\/wp\/v2\/types\/post"}],"author":[{"embeddable":true,"href":"https:\/\/zonaroja.com.mx\/index.php?rest_route=\/wp\/v2\/users\/2"}],"replies":[{"embeddable":true,"href":"https:\/\/zonaroja.com.mx\/index.php?rest_route=%2Fwp%2Fv2%2Fcomments&post=73316"}],"version-history":[{"count":2,"href":"https:\/\/zonaroja.com.mx\/index.php?rest_route=\/wp\/v2\/posts\/73316\/revisions"}],"predecessor-version":[{"id":73322,"href":"https:\/\/zonaroja.com.mx\/index.php?rest_route=\/wp\/v2\/posts\/73316\/revisions\/73322"}],"wp:featuredmedia":[{"embeddable":true,"href":"https:\/\/zonaroja.com.mx\/index.php?rest_route=\/wp\/v2\/media\/73317"}],"wp:attachment":[{"href":"https:\/\/zonaroja.com.mx\/index.php?rest_route=%2Fwp%2Fv2%2Fmedia&parent=73316"}],"wp:term":[{"taxonomy":"category","embeddable":true,"href":"https:\/\/zonaroja.com.mx\/index.php?rest_route=%2Fwp%2Fv2%2Fcategories&post=73316"},{"taxonomy":"post_tag","embeddable":true,"href":"https:\/\/zonaroja.com.mx\/index.php?rest_route=%2Fwp%2Fv2%2Ftags&post=73316"}],"curies":[{"name":"wp","href":"https:\/\/api.w.org\/{rel}","templated":true}]}}