{"id":73319,"date":"2024-10-10T18:16:51","date_gmt":"2024-10-11T00:16:51","guid":{"rendered":"https:\/\/zonaroja.com.mx\/?p=73319"},"modified":"2024-10-10T18:16:53","modified_gmt":"2024-10-11T00:16:53","slug":"recibe-congreso-el-programa-de-ordenamiento-territorial-y-desarrollo-urbano-de-oaxaca","status":"publish","type":"post","link":"https:\/\/zonaroja.com.mx\/?p=73319","title":{"rendered":"Recibe Congreso el Programa de Ordenamiento Territorial y Desarrollo Urbano de Oaxaca"},"content":{"rendered":"\n<p>Redacci\u00f3n\/Zona Roja.<\/p>\n\n\n\n<p>Oaxaca de Ju\u00e1rez, Oax., a 10 de octubre de 2024.- La 65 Legislatura local recibi\u00f3 este jueves el Programa Estatal de Ordenamiento Territorial y Desarrollo Urbano de Oaxaca, presentado por el titular de la Secretar\u00eda de Infraestructuras y Comunicaciones del gobierno estatal.<\/p>\n\n\n\n<p>El presidente de la Junta de Coordinaci\u00f3n Pol\u00edtica (Jucopo), Sergio L\u00f3pez S\u00e1nchez, manifest\u00f3 el respaldo del Congreso de Oaxaca a este programa que plantea el dise\u00f1o de proyectos para el crecimiento de las ciudades del estado.<\/p>\n\n\n\n<p>\u201cNosotros siempre estaremos sum\u00e1ndonos a acompa\u00f1ar estos esfuerzos, y que se vayan materializando estos proyectos estrat\u00e9gicos. Desde luego, estamos de acuerdo en que se hagan una realidad en Oaxaca\u201d, expres\u00f3.<\/p>\n\n\n\n<p>En la reuni\u00f3n participaron las diputadas Melina Hern\u00e1ndez Sosa, presidenta de la Comisi\u00f3n Permanente de Medio Ambiente, Biodiversidad, Energ\u00edas, Sostenibilidad y Cambio Clim\u00e1tico, y las legisladoras integrantes Esperanza Ram\u00edrez V\u00e1squez y X\u00f3chitl Jazm\u00edn Vel\u00e1zquez V\u00e1squez.<\/p>\n\n\n\n<p>As\u00ed como la presidenta de la Comisi\u00f3n de Agua y Saneamiento, Stela Mar\u00eda Fraginals Aguilar, quienes plantearon sus sugerencias para fortalecer la propuesta del programa en la materia, como la integraci\u00f3n del plan de agua y saneamiento que se ha trabajado desde el Congreso de Oaxaca, al plan estrat\u00e9gico dise\u00f1ado.<\/p>\n\n\n\n<p>Al entregar el respectivo programa, el secretario de Infraestructuras y Comunicaciones del Gobierno de Oaxaca, Netzahualc\u00f3yotl Salvatierra L\u00f3pez, asegur\u00f3 que desde hace m\u00e1s de 45 a\u00f1os no se hab\u00eda planteado una propuesta de este tipo, en la cual se propone el desarrollo de proyectos sustentables para un crecimiento ordenado de las ciudades.<\/p>\n\n\n\n<p>Explic\u00f3 que el programa contempla los proyectos del Centro Integral de Revalorizaci\u00f3n de Residuos S\u00f3lidos Urbanos (CIRRSU); la construcci\u00f3n del Corredor Binniz\u00e1 para conectar a los municipios de la zona metropolitana de Oaxaca; el desarrollo tur\u00edstico de Punta Colorada en San Pedro Mixtepec; la autopista Oaxaca-Tuxtepec; la estructura del Corredor Interoce\u00e1nico en el Istmo de Tehuantepec; y los planes de desarrollo municipal.<\/p>\n\n\n\n<p>Una vez recibido el modelo de ordenamiento territorial, ahora corresponder\u00e1 al Congreso de Oaxaca la revisi\u00f3n y dictaminaci\u00f3n de \u00e9ste a trav\u00e9s de las comisiones legislativas, para que sea sometido al Pleno para su aprobaci\u00f3n, de acuerdo con lo establecido en el art\u00edculo 6 de la Ley de Ordenamiento Territorial y Desarrollo Urbano para el Estado. &nbsp;<\/p>\n","protected":false},"excerpt":{"rendered":"<p>Redacci\u00f3n\/Zona Roja. Oaxaca de Ju\u00e1rez, Oax., a 10 de octubre de 2024.- La 65 Legislatura&hellip;<\/p>\n","protected":false},"author":2,"featured_media":73320,"comment_status":"closed","ping_status":"open","sticky":false,"template":"","format":"standard","meta":{"_lmt_disableupdate":"","_lmt_disable":"","_jetpack_memberships_contains_paid_content":false,"footnotes":""},"categories":[109,46],"tags":[2743],"class_list":["post-73319","post","type-post","status-publish","format-standard","has-post-thumbnail","hentry","category-minuto-a-minuto","category-zona-blanca","tag-65-legislatura-del-estado-de-oaxaca"],"jetpack_featured_media_url":"https:\/\/zonaroja.com.mx\/wp-content\/uploads\/2024\/10\/Recibe-Congreso-el-Programa-Estatal-de-Ordenamiento-Territorial-y-Desarrollo-Urbano-de-Oaxaca_1.jpeg","jetpack_sharing_enabled":true,"_links":{"self":[{"href":"https:\/\/zonaroja.com.mx\/index.php?rest_route=\/wp\/v2\/posts\/73319","targetHints":{"allow":["GET"]}}],"collection":[{"href":"https:\/\/zonaroja.com.mx\/index.php?rest_route=\/wp\/v2\/posts"}],"about":[{"href":"https:\/\/zonaroja.com.mx\/index.php?rest_route=\/wp\/v2\/types\/post"}],"author":[{"embeddable":true,"href":"https:\/\/zonaroja.com.mx\/index.php?rest_route=\/wp\/v2\/users\/2"}],"replies":[{"embeddable":true,"href":"https:\/\/zonaroja.com.mx\/index.php?rest_route=%2Fwp%2Fv2%2Fcomments&post=73319"}],"version-history":[{"count":1,"href":"https:\/\/zonaroja.com.mx\/index.php?rest_route=\/wp\/v2\/posts\/73319\/revisions"}],"predecessor-version":[{"id":73321,"href":"https:\/\/zonaroja.com.mx\/index.php?rest_route=\/wp\/v2\/posts\/73319\/revisions\/73321"}],"wp:featuredmedia":[{"embeddable":true,"href":"https:\/\/zonaroja.com.mx\/index.php?rest_route=\/wp\/v2\/media\/73320"}],"wp:attachment":[{"href":"https:\/\/zonaroja.com.mx\/index.php?rest_route=%2Fwp%2Fv2%2Fmedia&parent=73319"}],"wp:term":[{"taxonomy":"category","embeddable":true,"href":"https:\/\/zonaroja.com.mx\/index.php?rest_route=%2Fwp%2Fv2%2Fcategories&post=73319"},{"taxonomy":"post_tag","embeddable":true,"href":"https:\/\/zonaroja.com.mx\/index.php?rest_route=%2Fwp%2Fv2%2Ftags&post=73319"}],"curies":[{"name":"wp","href":"https:\/\/api.w.org\/{rel}","templated":true}]}}