{"id":73327,"date":"2024-10-11T07:16:00","date_gmt":"2024-10-11T13:16:00","guid":{"rendered":"https:\/\/zonaroja.com.mx\/?p=73327"},"modified":"2024-10-11T06:24:31","modified_gmt":"2024-10-11T12:24:31","slug":"tabasco-el-eden-perdido-vive-enesima-jornada-de-violencia","status":"publish","type":"post","link":"https:\/\/zonaroja.com.mx\/?p=73327","title":{"rendered":"Tabasco, el ed\u00e9n perdido: vive en\u00e9sima jornada de violencia"},"content":{"rendered":"\n<p>Redacci\u00f3n\/Zona Roja Cdmx.<\/p>\n\n\n\n<p>Ciudad de M\u00e9xico, a 11 de octubre de 2024.- En la segunda semana de gobierno de Javier May Rodr\u00edguez, una nueva ola delictiva se desat\u00f3 en Villahermosa y sus alrededores, en donde se report\u00f3 una agresi\u00f3n armada que dej\u00f3 dos polic\u00edas heridos, quema de veh\u00edculos y ataques a negocios.<\/p>\n\n\n\n<p>La jornada violenta coincide con la presentaci\u00f3n oficial del nuevo fiscal del estado, Jos\u00e9 Barajas Mej\u00eda, elegido recientemente por el Congreso de Tabasco.<\/p>\n\n\n\n<p>Aunque no se conoce el n\u00famero total de incidentes, de manera preliminar se confirm\u00f3 el incendio de dos abarroteras en la colonia Gaviotas, tambi\u00e9n tiendas de conveniencia en la colonia Carrizal y Samarkanda, en donde sujetos armados a bordo de motocicletas y coches rociaron gasolina, prendieron fuego y se dieron a la fuga.<\/p>\n\n\n\n<p>En el estacionamiento de un almac\u00e9n de pl\u00e1sticos en la zona centro, fueron quemados tres veh\u00edculos y tres m\u00e1s en el puente de La Sierra en Jalapa, uno de estos un cami\u00f3n repartidor.<\/p>\n\n\n\n<p>Tambi\u00e9n se reportaron veh\u00edculos en llamas cerca del fraccionamiento Pomoca (cerca de la capital tabasque\u00f1a) y el perif\u00e9rico Carlos Pellicer C\u00e1mara.<\/p>\n\n\n\n<p>Adem\u00e1s, polic\u00edas estatales retiraron \u201cponcha llantas\u201d que fueron colocados en la zona conurbada de Bosques de Saloya y en direcci\u00f3n a Villa Parrilla.<\/p>\n\n\n\n<p>En este \u00faltimo punto, el intercambio de balas entre presuntos delincuentes y elementos estatales gener\u00f3 caos.<\/p>\n\n\n\n<p>\u201cSe informa a la poblaci\u00f3n que una unidad de la Polic\u00eda Estatal fue agredida con impactos de bala mientras se custodiaba un predio asegurado en las inmediaciones de Villa Parrilla, Centro; dos elementos resultaron con heridas menores. En la zona se mont\u00f3 un operativo inmediato y contin\u00faan las acciones de autoridad para dar paz y seguridad a la poblaci\u00f3n\u201d, report\u00f3 Fernando V\u00e1zquez Rosas, vocero del gobierno del estado.<\/p>\n\n\n\n<p>El mismo funcionario comunic\u00f3 m\u00e1s tarde que fuerzas estatales y federales realizan operativos coordinados por tierra y aire, con un helic\u00f3ptero, para conservar el orden ante hechos de violencia registrados en Villahermosa, \u201clos cuales responden a recientes actos de autoridad realizados\u201d.<\/p>\n\n\n\n<p>(Informaci\u00f3n de \u201cEl Financiero\u201d)<\/p>\n","protected":false},"excerpt":{"rendered":"<p>Redacci\u00f3n\/Zona Roja Cdmx. Ciudad de M\u00e9xico, a 11 de octubre de 2024.- En la segunda&hellip;<\/p>\n","protected":false},"author":2,"featured_media":73328,"comment_status":"closed","ping_status":"open","sticky":false,"template":"","format":"standard","meta":{"_lmt_disableupdate":"","_lmt_disable":"","_jetpack_memberships_contains_paid_content":false,"footnotes":""},"categories":[109,47],"tags":[4070],"class_list":["post-73327","post","type-post","status-publish","format-standard","has-post-thumbnail","hentry","category-minuto-a-minuto","category-zona-gris","tag-violencia-en-tabasco"],"jetpack_featured_media_url":"https:\/\/zonaroja.com.mx\/wp-content\/uploads\/2024\/10\/Violencia-en-Tabasco.jpg","jetpack_sharing_enabled":true,"_links":{"self":[{"href":"https:\/\/zonaroja.com.mx\/index.php?rest_route=\/wp\/v2\/posts\/73327","targetHints":{"allow":["GET"]}}],"collection":[{"href":"https:\/\/zonaroja.com.mx\/index.php?rest_route=\/wp\/v2\/posts"}],"about":[{"href":"https:\/\/zonaroja.com.mx\/index.php?rest_route=\/wp\/v2\/types\/post"}],"author":[{"embeddable":true,"href":"https:\/\/zonaroja.com.mx\/index.php?rest_route=\/wp\/v2\/users\/2"}],"replies":[{"embeddable":true,"href":"https:\/\/zonaroja.com.mx\/index.php?rest_route=%2Fwp%2Fv2%2Fcomments&post=73327"}],"version-history":[{"count":1,"href":"https:\/\/zonaroja.com.mx\/index.php?rest_route=\/wp\/v2\/posts\/73327\/revisions"}],"predecessor-version":[{"id":73329,"href":"https:\/\/zonaroja.com.mx\/index.php?rest_route=\/wp\/v2\/posts\/73327\/revisions\/73329"}],"wp:featuredmedia":[{"embeddable":true,"href":"https:\/\/zonaroja.com.mx\/index.php?rest_route=\/wp\/v2\/media\/73328"}],"wp:attachment":[{"href":"https:\/\/zonaroja.com.mx\/index.php?rest_route=%2Fwp%2Fv2%2Fmedia&parent=73327"}],"wp:term":[{"taxonomy":"category","embeddable":true,"href":"https:\/\/zonaroja.com.mx\/index.php?rest_route=%2Fwp%2Fv2%2Fcategories&post=73327"},{"taxonomy":"post_tag","embeddable":true,"href":"https:\/\/zonaroja.com.mx\/index.php?rest_route=%2Fwp%2Fv2%2Ftags&post=73327"}],"curies":[{"name":"wp","href":"https:\/\/api.w.org\/{rel}","templated":true}]}}