{"id":73330,"date":"2024-10-11T08:24:00","date_gmt":"2024-10-11T14:24:00","guid":{"rendered":"https:\/\/zonaroja.com.mx\/?p=73330"},"modified":"2024-10-11T06:40:41","modified_gmt":"2024-10-11T12:40:41","slug":"titulares-de-gobernacion-y-de-seguridad-reciben-a-gobernador-de-oaxaca","status":"publish","type":"post","link":"https:\/\/zonaroja.com.mx\/?p=73330","title":{"rendered":"Titulares de Gobernaci\u00f3n y de Seguridad reciben a gobernador de Oaxaca"},"content":{"rendered":"\n<p>Raymundo Morales\/Zona Roja.<\/p>\n\n\n\n<p>Oaxaca de Ju\u00e1rez, Oax., a 11 de octubre de 2024.- Por separado, la secretaria de Gobernaci\u00f3n, Rosa Icela Rodr\u00edguez, y el titular de Seguridad P\u00fablica, Omar Garc\u00eda Harfuch, recibieron en audiencia al mandatario estatal de Oaxaca, Salom\u00f3n Jara Cruz.&nbsp;<\/p>\n\n\n\n<p>Con la Segob, ambas partes dieron seguimiento a los proyectos en materia de gobernabilidad, \u201cpara que de la mano con la Presidenta de M\u00e9xico, Claudia Sheinbaum Pardo, Oaxaca se convierta en una entidad pr\u00f3spera y en paz\u201d, se dio a conocer en un comunicado.<\/p>\n\n\n\n<p>El documento expone que en el di\u00e1logo es un pilar fundamental para la construcci\u00f3n de la estabilidad social, la cual garantiza el bienestar de las personas en la resoluci\u00f3n de conflictos agrarios a trav\u00e9s de pol\u00edticas p\u00fablicas que se centran en la reconstrucci\u00f3n del tejido y la cohesi\u00f3n social.<\/p>\n\n\n\n<p>De esta manera, se generan acuerdos y establecen condiciones de seguridad, gobernanza y reconciliaci\u00f3n de los pueblos hermanos en un trabajo conjunto con los tres niveles de gobierno y la sociedad civil, detall\u00f3.<\/p>\n\n\n\n<p>Con respecto a la reuni\u00f3n con el secretario de Seguridad y Protecci\u00f3n Ciudadana, Omar Garc\u00eda Harfuch, tuvo la finalidad de fortalecer la Estrategia Nacional de Seguridad P\u00fablica y consolidar la gobernabilidad del pa\u00eds.<\/p>\n\n\n\n<p>En la mesa de trabajo, el mandatario estatal e integrantes del Gabinete de Seguridad del estado plantearon los ejes, estrategias y acciones a trabajar en conjunto con la federaci\u00f3n para garantizar la paz y tranquilidad de la poblaci\u00f3n.&nbsp;<\/p>\n\n\n\n<p>\u201cLa coordinaci\u00f3n entre las instituciones que salvaguardan la soberan\u00eda de la entidad es fundamental en el combate a la delincuencia, por ello, estas acciones reiteran la disposici\u00f3n del gobierno estatal por contribuir al fortalecimiento de la seguridad.&nbsp;<\/p>\n\n\n\n<p>\u201cPara la Primavera Oaxaque\u00f1a, el bienestar de la ciudadan\u00eda est\u00e1 en el centro de las prioridades, es por eso que sus corporaciones trabajan con determinaci\u00f3n para fortalecer la protecci\u00f3n de las familias en las ocho regiones de la entidad\u201d, destac\u00f3 la autoridad estatal en un comunicado.<\/p>\n","protected":false},"excerpt":{"rendered":"<p>Raymundo Morales\/Zona Roja. Oaxaca de Ju\u00e1rez, Oax., a 11 de octubre de 2024.- Por separado,&hellip;<\/p>\n","protected":false},"author":2,"featured_media":73331,"comment_status":"closed","ping_status":"open","sticky":false,"template":"","format":"standard","meta":{"_lmt_disableupdate":"","_lmt_disable":"","_jetpack_memberships_contains_paid_content":false,"footnotes":""},"categories":[109,46],"tags":[939],"class_list":["post-73330","post","type-post","status-publish","format-standard","has-post-thumbnail","hentry","category-minuto-a-minuto","category-zona-blanca","tag-salomon-jara-cruz"],"jetpack_featured_media_url":"https:\/\/zonaroja.com.mx\/wp-content\/uploads\/2024\/10\/Salomon-Jara-con-secretaria-de-Gobernacion-y-Harfuch.jpg","jetpack_sharing_enabled":true,"_links":{"self":[{"href":"https:\/\/zonaroja.com.mx\/index.php?rest_route=\/wp\/v2\/posts\/73330","targetHints":{"allow":["GET"]}}],"collection":[{"href":"https:\/\/zonaroja.com.mx\/index.php?rest_route=\/wp\/v2\/posts"}],"about":[{"href":"https:\/\/zonaroja.com.mx\/index.php?rest_route=\/wp\/v2\/types\/post"}],"author":[{"embeddable":true,"href":"https:\/\/zonaroja.com.mx\/index.php?rest_route=\/wp\/v2\/users\/2"}],"replies":[{"embeddable":true,"href":"https:\/\/zonaroja.com.mx\/index.php?rest_route=%2Fwp%2Fv2%2Fcomments&post=73330"}],"version-history":[{"count":1,"href":"https:\/\/zonaroja.com.mx\/index.php?rest_route=\/wp\/v2\/posts\/73330\/revisions"}],"predecessor-version":[{"id":73332,"href":"https:\/\/zonaroja.com.mx\/index.php?rest_route=\/wp\/v2\/posts\/73330\/revisions\/73332"}],"wp:featuredmedia":[{"embeddable":true,"href":"https:\/\/zonaroja.com.mx\/index.php?rest_route=\/wp\/v2\/media\/73331"}],"wp:attachment":[{"href":"https:\/\/zonaroja.com.mx\/index.php?rest_route=%2Fwp%2Fv2%2Fmedia&parent=73330"}],"wp:term":[{"taxonomy":"category","embeddable":true,"href":"https:\/\/zonaroja.com.mx\/index.php?rest_route=%2Fwp%2Fv2%2Fcategories&post=73330"},{"taxonomy":"post_tag","embeddable":true,"href":"https:\/\/zonaroja.com.mx\/index.php?rest_route=%2Fwp%2Fv2%2Ftags&post=73330"}],"curies":[{"name":"wp","href":"https:\/\/api.w.org\/{rel}","templated":true}]}}